{"id":168,"date":"2019-05-22T09:00:07","date_gmt":"2019-05-22T08:00:07","guid":{"rendered":"http:\/\/pisosvitoria.com\/blog\/?p=168"},"modified":"2019-05-13T09:47:15","modified_gmt":"2019-05-13T08:47:15","slug":"aticos-en-vitoria","status":"publish","type":"post","link":"https:\/\/pisosvitoria.com\/blog\/aticos-en-vitoria\/","title":{"rendered":"\u00c1TICOS EN VITORIA"},"content":{"rendered":"\n<p>Dentro del <strong>mercado inmobiliario de Vitoria<\/strong> existen compradores interesados \u00fanicamente en la compra de un \u00e1tico.<\/p>\n\n\n\n<!--more-->\n\n\n\n<p>Suelen ser inmuebles muy valorados por la gran mayor\u00eda de compradores por lo que su precio a menudo es superior al del resto de inmuebles del edificio.<\/p>\n\n\n\n<p>Las vistas es una de las caracter\u00edsticas mas valoradas de este tipo de inmueble dependiendo del n\u00famero total de alturas y ubicaci\u00f3n del mismo.<\/p>\n\n\n\n<p>Igualmente y suele coincidir con los edificios cuya construcci\u00f3n es mas reciente suelen gozar de unas <strong>amplias superficies de terraza.<\/strong><\/p>\n\n\n\n<p style=\"text-align:center\"><strong>Si estas buscando un \u00e1tico en Vitoria puedes localizarlo en nuestro buscador de <\/strong><a href=\"http:\/\/www.pisosvitoria.com\"><strong>www.pisosvitoria.com<\/strong><\/a><\/p>\n","protected":false},"excerpt":{"rendered":"<p>Dentro del mercado inmobiliario de Vitoria existen compradores interesados \u00fanicamente en la compra de un \u00e1tico.<\/p>\n","protected":false},"author":3,"featured_media":157,"comment_status":"closed","ping_status":"closed","sticky":false,"template":"","format":"standard","meta":{"_monsterinsights_skip_tracking":false,"_monsterinsights_sitenote_active":false,"_monsterinsights_sitenote_note":"","_monsterinsights_sitenote_category":0,"footnotes":""},"categories":[28],"tags":[24,25,26],"class_list":["post-168","post","type-post","status-publish","format-standard","has-post-thumbnail","hentry","category-comprar","tag-atico","tag-atico-en-vitoria","tag-comprar-atico-en-vitoria"],"_links":{"self":[{"href":"https:\/\/pisosvitoria.com\/blog\/wp-json\/wp\/v2\/posts\/168","targetHints":{"allow":["GET"]}}],"collection":[{"href":"https:\/\/pisosvitoria.com\/blog\/wp-json\/wp\/v2\/posts"}],"about":[{"href":"https:\/\/pisosvitoria.com\/blog\/wp-json\/wp\/v2\/types\/post"}],"author":[{"embeddable":true,"href":"https:\/\/pisosvitoria.com\/blog\/wp-json\/wp\/v2\/users\/3"}],"replies":[{"embeddable":true,"href":"https:\/\/pisosvitoria.com\/blog\/wp-json\/wp\/v2\/comments?post=168"}],"version-history":[{"count":2,"href":"https:\/\/pisosvitoria.com\/blog\/wp-json\/wp\/v2\/posts\/168\/revisions"}],"predecessor-version":[{"id":172,"href":"https:\/\/pisosvitoria.com\/blog\/wp-json\/wp\/v2\/posts\/168\/revisions\/172"}],"wp:featuredmedia":[{"embeddable":true,"href":"https:\/\/pisosvitoria.com\/blog\/wp-json\/wp\/v2\/media\/157"}],"wp:attachment":[{"href":"https:\/\/pisosvitoria.com\/blog\/wp-json\/wp\/v2\/media?parent=168"}],"wp:term":[{"taxonomy":"category","embeddable":true,"href":"https:\/\/pisosvitoria.com\/blog\/wp-json\/wp\/v2\/categories?post=168"},{"taxonomy":"post_tag","embeddable":true,"href":"https:\/\/pisosvitoria.com\/blog\/wp-json\/wp\/v2\/tags?post=168"}],"curies":[{"name":"wp","href":"https:\/\/api.w.org\/{rel}","templated":true}]}}