{"id":243,"date":"2019-07-24T09:00:17","date_gmt":"2019-07-24T08:00:17","guid":{"rendered":"http:\/\/pisosvitoria.com\/blog\/?p=243"},"modified":"2019-07-17T08:36:51","modified_gmt":"2019-07-17T07:36:51","slug":"alquiler-de-local-en-vitoria","status":"publish","type":"post","link":"https:\/\/pisosvitoria.com\/blog\/alquiler-de-local-en-vitoria\/","title":{"rendered":"Alquiler de local en Vitoria"},"content":{"rendered":"\n<p>El mercado de alquiler de locales comerciales en Vitoria ha variado a lo largo del tiempo. Algunos factores como la venta a trav\u00e9s de internet modific\u00f3 las necesidades de espacio que sol\u00edan requerir los comercios en Vitoria. Adem\u00e1s de lo anterior los barrios de Vitoria han ido cambiando tanto por el envejecimiento de algunos de ellos como por la reubicaci\u00f3n de sedes institucionales. Resulta dif\u00edcil fijar el precio de mercado actual por el local por parte del propietario as\u00ed como elegir el local que mas se adecua a la actividad por parte del comercio interesado.<\/p>\n\n\n\n<!--more-->\n\n\n\n<p>Asimismo es muy importante todo lo relativo a la redacci\u00f3n de las clausulas relativas al contrato de alquiler. Existen apartados como las obras o plazos de duraci\u00f3n que en muchos casos  no se fijan correctamente y no se ajustan a lo que indica la ley lo que genera problemas en el futuro.<\/p>\n\n\n\n<p><\/p>\n\n\n\n<p><strong><a href=\"http:\/\/pisosvitoria.com\/content\/17-alquilar\">Desde la inmobiliaria Pisosvitoria del grupo Fernandez de Nograro podemos ayudarte a alquilar tu local .&nbsp;Haz&nbsp;click&nbsp;aqu\u00ed\ufeff<\/a><\/strong><\/p>\n","protected":false},"excerpt":{"rendered":"<p>El mercado de alquiler de locales comerciales en Vitoria ha variado a lo largo del tiempo. Algunos factores como la venta a trav\u00e9s de internet modific\u00f3 las necesidades de espacio que sol\u00edan requerir los comercios en Vitoria. Adem\u00e1s de lo anterior los barrios de Vitoria han ido cambiando tanto por el envejecimiento de algunos de &hellip; <\/p>\n<p class=\"link-more\"><a href=\"https:\/\/pisosvitoria.com\/blog\/alquiler-de-local-en-vitoria\/\" class=\"more-link\">Continuar leyendo<span class=\"screen-reader-text\"> \u00abAlquiler de local en Vitoria\u00bb<\/span><\/a><\/p>\n","protected":false},"author":3,"featured_media":218,"comment_status":"closed","ping_status":"closed","sticky":false,"template":"","format":"standard","meta":{"_monsterinsights_skip_tracking":false,"_monsterinsights_sitenote_active":false,"_monsterinsights_sitenote_note":"","_monsterinsights_sitenote_category":0,"footnotes":""},"categories":[13],"tags":[44,45,43,42],"class_list":["post-243","post","type-post","status-publish","format-standard","has-post-thumbnail","hentry","category-alquilar","tag-alquiler-de-local","tag-alquiler-local-vitoria","tag-local","tag-local-comercial"],"_links":{"self":[{"href":"https:\/\/pisosvitoria.com\/blog\/wp-json\/wp\/v2\/posts\/243","targetHints":{"allow":["GET"]}}],"collection":[{"href":"https:\/\/pisosvitoria.com\/blog\/wp-json\/wp\/v2\/posts"}],"about":[{"href":"https:\/\/pisosvitoria.com\/blog\/wp-json\/wp\/v2\/types\/post"}],"author":[{"embeddable":true,"href":"https:\/\/pisosvitoria.com\/blog\/wp-json\/wp\/v2\/users\/3"}],"replies":[{"embeddable":true,"href":"https:\/\/pisosvitoria.com\/blog\/wp-json\/wp\/v2\/comments?post=243"}],"version-history":[{"count":2,"href":"https:\/\/pisosvitoria.com\/blog\/wp-json\/wp\/v2\/posts\/243\/revisions"}],"predecessor-version":[{"id":249,"href":"https:\/\/pisosvitoria.com\/blog\/wp-json\/wp\/v2\/posts\/243\/revisions\/249"}],"wp:featuredmedia":[{"embeddable":true,"href":"https:\/\/pisosvitoria.com\/blog\/wp-json\/wp\/v2\/media\/218"}],"wp:attachment":[{"href":"https:\/\/pisosvitoria.com\/blog\/wp-json\/wp\/v2\/media?parent=243"}],"wp:term":[{"taxonomy":"category","embeddable":true,"href":"https:\/\/pisosvitoria.com\/blog\/wp-json\/wp\/v2\/categories?post=243"},{"taxonomy":"post_tag","embeddable":true,"href":"https:\/\/pisosvitoria.com\/blog\/wp-json\/wp\/v2\/tags?post=243"}],"curies":[{"name":"wp","href":"https:\/\/api.w.org\/{rel}","templated":true}]}}