{"id":387,"date":"2020-05-23T18:41:45","date_gmt":"2020-05-23T17:41:45","guid":{"rendered":"http:\/\/pisosvitoria.com\/blog\/?p=387"},"modified":"2020-05-30T10:22:50","modified_gmt":"2020-05-30T09:22:50","slug":"parque-del-este-en-salburua-vitoria","status":"publish","type":"post","link":"https:\/\/pisosvitoria.com\/blog\/parque-del-este-en-salburua-vitoria\/","title":{"rendered":"Parque del Este en Salburua &#8211; Vitoria"},"content":{"rendered":"\n<p>El parque del este se encuentra ubicado en Salburua cercano al barrio de Santa Luc\u00eda en Vitoria-Gasteiz. <\/p>\n\n\n\n<p><br> Es una de las ubicaciones m\u00e1s solicitadas en Vitoria para vivir debido al entorno \u00fanico de m\u00e1s de 34.471 metros cuadrados de zonas verdes. Dispone de zonas de juegos infantiles, un estanque y varios espacios para pasear. <\/p>\n\n\n\n<!--more-->\n\n\n\n<p><br> Adem\u00e1s se han consolidado varios bares y restaurantes en la zona que disponen de amplias terrazas al aire libre en el propio parque.<\/p>\n\n\n\n<p><br> La ubicaci\u00f3n del Parque del Este est\u00e1 perfectamente dise\u00f1ada al delimitar con el Centro de Salud, con el Centro C\u00edvico y con \u00e9l Bulevar de Salburua con muchos comercios alrededor.<\/p>\n\n\n\n<p><br> Est\u00e1 en construcci\u00f3n igualmente una parada de tranv\u00eda cercana para conectar a\u00fan m\u00e1s las buenas comunicaciones ya existentes mediante autob\u00fas.<\/p>\n\n\n\n<p>Quieres vivir en la mejor ubicaci\u00f3n en pleno Parque del Este?<\/p>\n\n\n\n<p>Ahora si puedes desde PisosVitoria.com la inmobiliaria de Fern\u00e1ndez de Nograro te presentamos la nueva fase de la promoci\u00f3n Terrazas Parque del Este. Una oportunidad para comprar tu vivienda con Terrazas con vistas al Parque del Este:<\/p>\n\n\n\n<p style=\"text-align:center\"><a href=\"http:\/\/www.terrazasparquedeleste.com\">www.TerrazasParqueDelEste.com<\/a><\/p>\n\n\n\n<p><\/p>\n","protected":false},"excerpt":{"rendered":"<p>El parque del este se encuentra ubicado en Salburua cercano al barrio de Santa Luc\u00eda en Vitoria-Gasteiz. Es una de las ubicaciones m\u00e1s solicitadas en Vitoria para vivir debido al entorno \u00fanico de m\u00e1s de 34.471 metros cuadrados de zonas verdes. Dispone de zonas de juegos infantiles, un estanque y varios espacios para pasear.<\/p>\n","protected":false},"author":3,"featured_media":396,"comment_status":"closed","ping_status":"closed","sticky":false,"template":"","format":"standard","meta":{"_monsterinsights_skip_tracking":false,"_monsterinsights_sitenote_active":false,"_monsterinsights_sitenote_note":"","_monsterinsights_sitenote_category":0,"footnotes":""},"categories":[68],"tags":[75,76,7,52,8],"class_list":["post-387","post","type-post","status-publish","format-standard","has-post-thumbnail","hentry","category-obra-nueva","tag-obra-nueva","tag-pisos-en-salburua","tag-pisos-en-vitoria","tag-pisos-lakua-4-dormitorios","tag-pisos-vitoria"],"_links":{"self":[{"href":"https:\/\/pisosvitoria.com\/blog\/wp-json\/wp\/v2\/posts\/387","targetHints":{"allow":["GET"]}}],"collection":[{"href":"https:\/\/pisosvitoria.com\/blog\/wp-json\/wp\/v2\/posts"}],"about":[{"href":"https:\/\/pisosvitoria.com\/blog\/wp-json\/wp\/v2\/types\/post"}],"author":[{"embeddable":true,"href":"https:\/\/pisosvitoria.com\/blog\/wp-json\/wp\/v2\/users\/3"}],"replies":[{"embeddable":true,"href":"https:\/\/pisosvitoria.com\/blog\/wp-json\/wp\/v2\/comments?post=387"}],"version-history":[{"count":1,"href":"https:\/\/pisosvitoria.com\/blog\/wp-json\/wp\/v2\/posts\/387\/revisions"}],"predecessor-version":[{"id":389,"href":"https:\/\/pisosvitoria.com\/blog\/wp-json\/wp\/v2\/posts\/387\/revisions\/389"}],"wp:featuredmedia":[{"embeddable":true,"href":"https:\/\/pisosvitoria.com\/blog\/wp-json\/wp\/v2\/media\/396"}],"wp:attachment":[{"href":"https:\/\/pisosvitoria.com\/blog\/wp-json\/wp\/v2\/media?parent=387"}],"wp:term":[{"taxonomy":"category","embeddable":true,"href":"https:\/\/pisosvitoria.com\/blog\/wp-json\/wp\/v2\/categories?post=387"},{"taxonomy":"post_tag","embeddable":true,"href":"https:\/\/pisosvitoria.com\/blog\/wp-json\/wp\/v2\/tags?post=387"}],"curies":[{"name":"wp","href":"https:\/\/api.w.org\/{rel}","templated":true}]}}