{"id":410,"date":"2020-07-05T19:10:49","date_gmt":"2020-07-05T18:10:49","guid":{"rendered":"http:\/\/pisosvitoria.com\/blog\/?p=410"},"modified":"2020-07-05T19:11:39","modified_gmt":"2020-07-05T18:11:39","slug":"vender-piso-en-vitoria-pensando-en-proximo-rebrote-coronavirus","status":"publish","type":"post","link":"https:\/\/pisosvitoria.com\/blog\/vender-piso-en-vitoria-pensando-en-proximo-rebrote-coronavirus\/","title":{"rendered":"Vender piso en Vitoria pensando en pr\u00f3ximo rebrote Coronavirus"},"content":{"rendered":"\n<p>Las \u00faltimas semanas son varios los expertos sanitarios que indican un posible rebrote el pr\u00f3ximo invierno por el Coronavirus en todas las ciudades incluida <strong>Vitoria<\/strong>.<\/p>\n\n\n\n<!--more-->\n\n\n\n<p>Esta posibilidad unida a las limitaciones que este verano se est\u00e1 teniendo para poder viajar a algunos pa\u00edses hace que algunos vitorianos se plantean la posibilidad de comprar una vivienda mejor que la actual que incluya terraza o alg\u00fan jard\u00edn as\u00ed como espacios mas amplios. <\/p>\n\n\n\n<p>Si est\u00e1s pensando en esta posibilidad desde <strong>PisosVitoria la inmobiliaria de Fern\u00e1ndez de Nograro<\/strong> podemos ayudarte a tener una vivienda mejor que la actual. Lo m\u00e1s importante es acertar en la venta de tu vivienda actual para no tener incidencia alguna en la nueva que se desea adquirir. Podemos ayudarte con los tiempos de venta y de adquisici\u00f3n de la nueva vivienda para que solamente tengas que pensar en cu\u00e1l es la nueva vivienda ideal para ti.<\/p>\n\n\n\n<p>Te recibimos en nuestras oficinas de la <strong>calle Prado n\u00ba6 junto a la Virgen Blanca<\/strong>.<\/p>\n\n\n\n<p style=\"text-align:center\"><a href=\"http:\/\/pisosvitoria.com\/content\/10-vender\">Vender piso con Pisosvitoria.com<\/a><\/p>\n","protected":false},"excerpt":{"rendered":"<p>Las \u00faltimas semanas son varios los expertos sanitarios que indican un posible rebrote el pr\u00f3ximo invierno por el Coronavirus en todas las ciudades incluida Vitoria.<\/p>\n","protected":false},"author":3,"featured_media":28,"comment_status":"closed","ping_status":"closed","sticky":false,"template":"","format":"standard","meta":{"_monsterinsights_skip_tracking":false,"_monsterinsights_sitenote_active":false,"_monsterinsights_sitenote_note":"","_monsterinsights_sitenote_category":0,"footnotes":""},"categories":[4],"tags":[29,31,5,6,18,19],"class_list":["post-410","post","type-post","status-publish","format-standard","has-post-thumbnail","hentry","category-vender","tag-vender-chalet","tag-vender-chalet-alava","tag-vender-piso-vitoria","tag-vender-vivienda-vitoria","tag-vender-vpo","tag-vender-vpo-vitoria"],"_links":{"self":[{"href":"https:\/\/pisosvitoria.com\/blog\/wp-json\/wp\/v2\/posts\/410","targetHints":{"allow":["GET"]}}],"collection":[{"href":"https:\/\/pisosvitoria.com\/blog\/wp-json\/wp\/v2\/posts"}],"about":[{"href":"https:\/\/pisosvitoria.com\/blog\/wp-json\/wp\/v2\/types\/post"}],"author":[{"embeddable":true,"href":"https:\/\/pisosvitoria.com\/blog\/wp-json\/wp\/v2\/users\/3"}],"replies":[{"embeddable":true,"href":"https:\/\/pisosvitoria.com\/blog\/wp-json\/wp\/v2\/comments?post=410"}],"version-history":[{"count":1,"href":"https:\/\/pisosvitoria.com\/blog\/wp-json\/wp\/v2\/posts\/410\/revisions"}],"predecessor-version":[{"id":412,"href":"https:\/\/pisosvitoria.com\/blog\/wp-json\/wp\/v2\/posts\/410\/revisions\/412"}],"wp:featuredmedia":[{"embeddable":true,"href":"https:\/\/pisosvitoria.com\/blog\/wp-json\/wp\/v2\/media\/28"}],"wp:attachment":[{"href":"https:\/\/pisosvitoria.com\/blog\/wp-json\/wp\/v2\/media?parent=410"}],"wp:term":[{"taxonomy":"category","embeddable":true,"href":"https:\/\/pisosvitoria.com\/blog\/wp-json\/wp\/v2\/categories?post=410"},{"taxonomy":"post_tag","embeddable":true,"href":"https:\/\/pisosvitoria.com\/blog\/wp-json\/wp\/v2\/tags?post=410"}],"curies":[{"name":"wp","href":"https:\/\/api.w.org\/{rel}","templated":true}]}}