{"id":645,"date":"2021-10-24T19:51:28","date_gmt":"2021-10-24T18:51:28","guid":{"rendered":"http:\/\/pisosvitoria.com\/blog\/?p=645"},"modified":"2021-10-24T19:51:31","modified_gmt":"2021-10-24T18:51:31","slug":"expertos-en-alquiler-de-pisos-en-vitoria-y-alava","status":"publish","type":"post","link":"https:\/\/pisosvitoria.com\/blog\/expertos-en-alquiler-de-pisos-en-vitoria-y-alava\/","title":{"rendered":"Expertos en alquiler de pisos en Vitoria y \u00c1lava"},"content":{"rendered":"\n<p>En la Inmobiliaria PisosVitoria somos expertos en <strong>alquiler de pisos en Vitoria y \u00c1lava<\/strong>. Realizamos todas las gestiones para alquilar tu piso desde el anuncio de la vivienda hasta la firma del contrato y dep\u00f3sito de fianza en Gobierno Vasco. <\/p>\n\n\n\n<!--more-->\n\n\n\n<p>Contamos con un abogado propio colegiado en \u00c1lava para ayudarte en todas las consultas relacionadas con el alquiler e igualmente disponemos de un arquitecto propio colegiado en \u00c1lava por si necesitas realizar el certificado de eficiencia energ\u00e9tica obligatorio para los alquileres de viviendas.<\/p>\n\n\n\n<p>En <strong>Inmobiliaria PisosVitoria del grupo Fern\u00e1ndez de Nograro<\/strong> tenemos m\u00e1s de 65 a\u00f1os de experiencia en el sector <strong>inmobiliario de Vitoria y \u00c1lava<\/strong> y podemos ayudarte a alquilar tu piso.<\/p>\n\n\n\n<p style=\"text-align:center\"><a href=\"https:\/\/pisosvitoria.com\/content\/17-alquilar\">Quieres alquilar tu piso en Vitoria? Haz clic aqu\u00ed<\/a><br><br><\/p>\n","protected":false},"excerpt":{"rendered":"<p>En la Inmobiliaria PisosVitoria somos expertos en alquiler de pisos en Vitoria y \u00c1lava. Realizamos todas las gestiones para alquilar tu piso desde el anuncio de la vivienda hasta la firma del contrato y dep\u00f3sito de fianza en Gobierno Vasco.<\/p>\n","protected":false},"author":3,"featured_media":596,"comment_status":"closed","ping_status":"closed","sticky":false,"template":"","format":"standard","meta":{"_monsterinsights_skip_tracking":false,"_monsterinsights_sitenote_active":false,"_monsterinsights_sitenote_note":"","_monsterinsights_sitenote_category":0,"footnotes":""},"categories":[13],"tags":[14,15,73,74],"class_list":["post-645","post","type-post","status-publish","format-standard","has-post-thumbnail","hentry","category-alquilar","tag-alquilar-piso-vitoria","tag-alquilar-vivienda-vitoria","tag-alquilar-vpo","tag-alquilar-vpo-vitoria"],"_links":{"self":[{"href":"https:\/\/pisosvitoria.com\/blog\/wp-json\/wp\/v2\/posts\/645","targetHints":{"allow":["GET"]}}],"collection":[{"href":"https:\/\/pisosvitoria.com\/blog\/wp-json\/wp\/v2\/posts"}],"about":[{"href":"https:\/\/pisosvitoria.com\/blog\/wp-json\/wp\/v2\/types\/post"}],"author":[{"embeddable":true,"href":"https:\/\/pisosvitoria.com\/blog\/wp-json\/wp\/v2\/users\/3"}],"replies":[{"embeddable":true,"href":"https:\/\/pisosvitoria.com\/blog\/wp-json\/wp\/v2\/comments?post=645"}],"version-history":[{"count":1,"href":"https:\/\/pisosvitoria.com\/blog\/wp-json\/wp\/v2\/posts\/645\/revisions"}],"predecessor-version":[{"id":646,"href":"https:\/\/pisosvitoria.com\/blog\/wp-json\/wp\/v2\/posts\/645\/revisions\/646"}],"wp:featuredmedia":[{"embeddable":true,"href":"https:\/\/pisosvitoria.com\/blog\/wp-json\/wp\/v2\/media\/596"}],"wp:attachment":[{"href":"https:\/\/pisosvitoria.com\/blog\/wp-json\/wp\/v2\/media?parent=645"}],"wp:term":[{"taxonomy":"category","embeddable":true,"href":"https:\/\/pisosvitoria.com\/blog\/wp-json\/wp\/v2\/categories?post=645"},{"taxonomy":"post_tag","embeddable":true,"href":"https:\/\/pisosvitoria.com\/blog\/wp-json\/wp\/v2\/tags?post=645"}],"curies":[{"name":"wp","href":"https:\/\/api.w.org\/{rel}","templated":true}]}}