{"id":666,"date":"2021-12-16T11:44:22","date_gmt":"2021-12-16T10:44:22","guid":{"rendered":"http:\/\/pisosvitoria.com\/blog\/?p=666"},"modified":"2021-12-16T11:44:25","modified_gmt":"2021-12-16T10:44:25","slug":"presupuestos-de-vitoria-2022-se-activara-el-canon-por-tener-una-vivienda-vacia","status":"publish","type":"post","link":"https:\/\/pisosvitoria.com\/blog\/presupuestos-de-vitoria-2022-se-activara-el-canon-por-tener-una-vivienda-vacia\/","title":{"rendered":"Presupuestos de Vitoria 2022: Se activar\u00e1 el canon por tener una vivienda vac\u00eda"},"content":{"rendered":"\n<p>El 13 de diciembre de 2021 se anunci\u00f3 por parte de un grupo politico la inclusi\u00f3n en los presupuestos municipales de 2022 activar el canon de vivienda vac\u00eda. Con ello se pondr\u00eda en marcha el decreto que ya aprob\u00f3 en junio el Gobierno Vasco en el que se incluia la posibilidad que los Ayuntamientos articulasen con posterioridad un canon a todas las viviendas vac\u00edas del respectivo municipio. <\/p>\n\n\n\n<!--more-->\n\n\n\n<p>Con ello se pretende movilizar aquellas viviendas que se encuentren vac\u00edas en Vitoria y fomentar el alquiler. El decreto del Gobierno Vasco indicaba que el canon se pod\u00eda fijar en 10\u20ac el metro cuadrado de forma anual.<\/p>\n\n\n\n<p>Existe la excepci\u00f3n para aquellos casos que sean segundas residencias de veraneo o aquellos desplazamientos que por motivos laborales quede esa vivienda vac\u00eda durante ese periodo de tiempo. Los Ayuntamientos ser\u00e1n los encargados de acreditar la falta de ocupaci\u00f3n de las viviendas as\u00ed como de realizar las inspecciones oportunas a las viviendas vac\u00edas.<\/p>\n\n\n\n<p>Tienes alguna vivienda vac\u00eda? Anticipate a posibles sanciones poniendo en alquiler o venta tu vivienda con Inmobiliaria PisosVitoria ya que disponemos de abogado propio para ayudarte con cualquier gesti\u00f3n relacionada. <\/p>\n\n\n\n<p style=\"text-align:center\"><a href=\"https:\/\/pisosvitoria.com\/content\/4-quienes-somos\">Contacta con nosotros aqu\u00ed<\/a><\/p>\n","protected":false},"excerpt":{"rendered":"<p>El 13 de diciembre de 2021 se anunci\u00f3 por parte de un grupo politico la inclusi\u00f3n en los presupuestos municipales de 2022 activar el canon de vivienda vac\u00eda. Con ello se pondr\u00eda en marcha el decreto que ya aprob\u00f3 en junio el Gobierno Vasco en el que se incluia la posibilidad que los Ayuntamientos articulasen &hellip; <\/p>\n<p class=\"link-more\"><a href=\"https:\/\/pisosvitoria.com\/blog\/presupuestos-de-vitoria-2022-se-activara-el-canon-por-tener-una-vivienda-vacia\/\" class=\"more-link\">Continuar leyendo<span class=\"screen-reader-text\"> \u00abPresupuestos de Vitoria 2022: Se activar\u00e1 el canon por tener una vivienda vac\u00eda\u00bb<\/span><\/a><\/p>\n","protected":false},"author":3,"featured_media":107,"comment_status":"closed","ping_status":"closed","sticky":false,"template":"","format":"standard","meta":{"_monsterinsights_skip_tracking":false,"_monsterinsights_sitenote_active":false,"_monsterinsights_sitenote_note":"","_monsterinsights_sitenote_category":0,"footnotes":""},"categories":[4],"tags":[],"class_list":["post-666","post","type-post","status-publish","format-standard","has-post-thumbnail","hentry","category-vender"],"_links":{"self":[{"href":"https:\/\/pisosvitoria.com\/blog\/wp-json\/wp\/v2\/posts\/666","targetHints":{"allow":["GET"]}}],"collection":[{"href":"https:\/\/pisosvitoria.com\/blog\/wp-json\/wp\/v2\/posts"}],"about":[{"href":"https:\/\/pisosvitoria.com\/blog\/wp-json\/wp\/v2\/types\/post"}],"author":[{"embeddable":true,"href":"https:\/\/pisosvitoria.com\/blog\/wp-json\/wp\/v2\/users\/3"}],"replies":[{"embeddable":true,"href":"https:\/\/pisosvitoria.com\/blog\/wp-json\/wp\/v2\/comments?post=666"}],"version-history":[{"count":1,"href":"https:\/\/pisosvitoria.com\/blog\/wp-json\/wp\/v2\/posts\/666\/revisions"}],"predecessor-version":[{"id":667,"href":"https:\/\/pisosvitoria.com\/blog\/wp-json\/wp\/v2\/posts\/666\/revisions\/667"}],"wp:featuredmedia":[{"embeddable":true,"href":"https:\/\/pisosvitoria.com\/blog\/wp-json\/wp\/v2\/media\/107"}],"wp:attachment":[{"href":"https:\/\/pisosvitoria.com\/blog\/wp-json\/wp\/v2\/media?parent=666"}],"wp:term":[{"taxonomy":"category","embeddable":true,"href":"https:\/\/pisosvitoria.com\/blog\/wp-json\/wp\/v2\/categories?post=666"},{"taxonomy":"post_tag","embeddable":true,"href":"https:\/\/pisosvitoria.com\/blog\/wp-json\/wp\/v2\/tags?post=666"}],"curies":[{"name":"wp","href":"https:\/\/api.w.org\/{rel}","templated":true}]}}