{"id":682,"date":"2022-01-31T09:44:25","date_gmt":"2022-01-31T08:44:25","guid":{"rendered":"http:\/\/pisosvitoria.com\/blog\/?p=682"},"modified":"2022-01-31T09:44:29","modified_gmt":"2022-01-31T08:44:29","slug":"vender-piso-de-persona-incapacitada-en-vitoria","status":"publish","type":"post","link":"https:\/\/pisosvitoria.com\/blog\/vender-piso-de-persona-incapacitada-en-vitoria\/","title":{"rendered":"Vender piso de persona incapacitada en Vitoria"},"content":{"rendered":"\n<p>Los pasos a seguir para vender un piso en Vitoria pueden complicarse cuando uno de los propietarios se encuentra con alguna discapacidad ps\u00edquica. <br>\nEn estos casos es necesario la solicitud de medidas de apoyo judicialmente para complementar y que pueda de esta forma producirse la venta del piso siempre que sea algo que beneficie al propietario.<\/p>\n\n\n\n<!--more-->\n\n\n\n<p>Por tanto uno de los pasos fundamentales de la persona que ostente la curatela representativa es obtener una autorizaci\u00f3n judicial para poder vender el inmueble.<\/p>\n\n\n\n<p>Igualmente en el caso de la venta de los inmuebles de una persona incapacitada es imprescindible que el Juzgado cuente con una valoraci\u00f3n oficial. En este caso es recomendable contar con un buen profesional cualificado como puede ser un agente de la propiedad inmobiliaria oficial que ayude a determinar el valor de mercado.<\/p>\n\n\n\n<p>Quieres vender un piso de una persona que necesita medidas de apoyo por su incapacidad?<\/p>\n\n\n\n<p>Ven a PisosVitoria la inmobiliaria de Fern\u00e1ndez de Nograro donde contamos con abogado propio colegiado en \u00c1lava y agentes oficiales de la propiedad inmobiliaria colegiados en \u00c1lava para poderte ayudar en todo el proceso de venta.<\/p>\n\n\n\n<p>M\u00e1s informaci\u00f3n:<br> Calle Prado n\u00ba6 junto a la Virgen Blanca <br> O <a href=\"https:\/\/pisosvitoria.com\/content\/10-vender\">haz clic aqu\u00ed<\/a><\/p>\n","protected":false},"excerpt":{"rendered":"<p>Los pasos a seguir para vender un piso en Vitoria pueden complicarse cuando uno de los propietarios se encuentra con alguna discapacidad ps\u00edquica. En estos casos es necesario la solicitud de medidas de apoyo judicialmente para complementar y que pueda de esta forma producirse la venta del piso siempre que sea algo que beneficie al &hellip; <\/p>\n<p class=\"link-more\"><a href=\"https:\/\/pisosvitoria.com\/blog\/vender-piso-de-persona-incapacitada-en-vitoria\/\" class=\"more-link\">Continuar leyendo<span class=\"screen-reader-text\"> \u00abVender piso de persona incapacitada en Vitoria\u00bb<\/span><\/a><\/p>\n","protected":false},"author":3,"featured_media":569,"comment_status":"closed","ping_status":"closed","sticky":false,"template":"","format":"standard","meta":{"_monsterinsights_skip_tracking":false,"_monsterinsights_sitenote_active":false,"_monsterinsights_sitenote_note":"","_monsterinsights_sitenote_category":0,"footnotes":""},"categories":[4],"tags":[5,6,18,19],"class_list":["post-682","post","type-post","status-publish","format-standard","has-post-thumbnail","hentry","category-vender","tag-vender-piso-vitoria","tag-vender-vivienda-vitoria","tag-vender-vpo","tag-vender-vpo-vitoria"],"_links":{"self":[{"href":"https:\/\/pisosvitoria.com\/blog\/wp-json\/wp\/v2\/posts\/682","targetHints":{"allow":["GET"]}}],"collection":[{"href":"https:\/\/pisosvitoria.com\/blog\/wp-json\/wp\/v2\/posts"}],"about":[{"href":"https:\/\/pisosvitoria.com\/blog\/wp-json\/wp\/v2\/types\/post"}],"author":[{"embeddable":true,"href":"https:\/\/pisosvitoria.com\/blog\/wp-json\/wp\/v2\/users\/3"}],"replies":[{"embeddable":true,"href":"https:\/\/pisosvitoria.com\/blog\/wp-json\/wp\/v2\/comments?post=682"}],"version-history":[{"count":1,"href":"https:\/\/pisosvitoria.com\/blog\/wp-json\/wp\/v2\/posts\/682\/revisions"}],"predecessor-version":[{"id":683,"href":"https:\/\/pisosvitoria.com\/blog\/wp-json\/wp\/v2\/posts\/682\/revisions\/683"}],"wp:featuredmedia":[{"embeddable":true,"href":"https:\/\/pisosvitoria.com\/blog\/wp-json\/wp\/v2\/media\/569"}],"wp:attachment":[{"href":"https:\/\/pisosvitoria.com\/blog\/wp-json\/wp\/v2\/media?parent=682"}],"wp:term":[{"taxonomy":"category","embeddable":true,"href":"https:\/\/pisosvitoria.com\/blog\/wp-json\/wp\/v2\/categories?post=682"},{"taxonomy":"post_tag","embeddable":true,"href":"https:\/\/pisosvitoria.com\/blog\/wp-json\/wp\/v2\/tags?post=682"}],"curies":[{"name":"wp","href":"https:\/\/api.w.org\/{rel}","templated":true}]}}