{"id":684,"date":"2022-02-06T20:52:21","date_gmt":"2022-02-06T19:52:21","guid":{"rendered":"http:\/\/pisosvitoria.com\/blog\/?p=684"},"modified":"2022-02-06T20:52:24","modified_gmt":"2022-02-06T19:52:24","slug":"la-construccion-de-viviendas-repunta-en-los-limites-de-vitoria","status":"publish","type":"post","link":"https:\/\/pisosvitoria.com\/blog\/la-construccion-de-viviendas-repunta-en-los-limites-de-vitoria\/","title":{"rendered":"La construcci\u00f3n de viviendas repunta en los l\u00edmites de Vitoria"},"content":{"rendered":"\n<p>El peri\u00f3dico ElCorreo de \u00c1lava tanto en su edici\u00f3n digital como en la impresa publica este domingo 6 de febrero la noticia donde que Vitoria crece por sus extremos con 10.000 vecinos y trece promociones en marcha.<\/p>\n\n\n\n<!--more-->\n\n\n\n<p>En la noticia aparecen los comentarios de <strong>Carlos Fern\u00e1ndez de Nograro Consejero Delegado de Construcciones Fern\u00e1ndez de Nograro y la Inmobiliaria PisosVitoria.com<\/strong> donde destaca que los sectores de <em>Salburua, Zabalgana y Aretxabaleta<\/em> son muy extensos con muchos huecos que se van a ir rellenando, y ahora hay demanda. Despu\u00e9s de 10 a\u00f1os sin construirse nada se ha ido generando una bolsa de gente que quiere comprar casa. Indica que <em>Aretxabaleta<\/em> o como se ha rebautizado por los vecinos <em>Goikolarra <\/em>es la zona de moda en estos momentos. <\/p>\n\n\n\n<p><br> Durante la noticia destaca asimismo la importancia de las terrazas. Como consecuencia de la pandemia hacemos m\u00e1s vida en casa y buscamos cosas que antes no nos fij\u00e1bamos destaca. <\/p>\n\n\n\n<p><br> Por \u00faltimo en la noticia destaca que en los pr\u00f3ximos a\u00f1os se prev\u00e9 que la ciudad siga creciendo al Este, Oeste y Sur de la ciudad como est\u00e1 sucediendo ya en la actualidad.<\/p>\n\n\n\n<p>Puedes revisar la noticia entera en el siguiente enlace:<\/p>\n\n\n\n<p style=\"text-align:center\"><a href=\"https:\/\/www.elcorreo.com\/alava\/araba\/vitoria-crece-extremos-10000-vecinos-trece-promociones-20220206095022-nt.html\">https:\/\/www.elcorreo.com\/alava\/araba\/vitoria-crece-extremos-10000-vecinos-trece-promociones-20220206095022-nt.html<\/a><\/p>\n","protected":false},"excerpt":{"rendered":"<p>El peri\u00f3dico ElCorreo de \u00c1lava tanto en su edici\u00f3n digital como en la impresa publica este domingo 6 de febrero la noticia donde que Vitoria crece por sus extremos con 10.000 vecinos y trece promociones en marcha.<\/p>\n","protected":false},"author":3,"featured_media":627,"comment_status":"closed","ping_status":"closed","sticky":false,"template":"","format":"standard","meta":{"_monsterinsights_skip_tracking":false,"_monsterinsights_sitenote_active":false,"_monsterinsights_sitenote_note":"","_monsterinsights_sitenote_category":0,"footnotes":""},"categories":[28,68],"tags":[],"class_list":["post-684","post","type-post","status-publish","format-standard","has-post-thumbnail","hentry","category-comprar","category-obra-nueva"],"_links":{"self":[{"href":"https:\/\/pisosvitoria.com\/blog\/wp-json\/wp\/v2\/posts\/684","targetHints":{"allow":["GET"]}}],"collection":[{"href":"https:\/\/pisosvitoria.com\/blog\/wp-json\/wp\/v2\/posts"}],"about":[{"href":"https:\/\/pisosvitoria.com\/blog\/wp-json\/wp\/v2\/types\/post"}],"author":[{"embeddable":true,"href":"https:\/\/pisosvitoria.com\/blog\/wp-json\/wp\/v2\/users\/3"}],"replies":[{"embeddable":true,"href":"https:\/\/pisosvitoria.com\/blog\/wp-json\/wp\/v2\/comments?post=684"}],"version-history":[{"count":1,"href":"https:\/\/pisosvitoria.com\/blog\/wp-json\/wp\/v2\/posts\/684\/revisions"}],"predecessor-version":[{"id":685,"href":"https:\/\/pisosvitoria.com\/blog\/wp-json\/wp\/v2\/posts\/684\/revisions\/685"}],"wp:featuredmedia":[{"embeddable":true,"href":"https:\/\/pisosvitoria.com\/blog\/wp-json\/wp\/v2\/media\/627"}],"wp:attachment":[{"href":"https:\/\/pisosvitoria.com\/blog\/wp-json\/wp\/v2\/media?parent=684"}],"wp:term":[{"taxonomy":"category","embeddable":true,"href":"https:\/\/pisosvitoria.com\/blog\/wp-json\/wp\/v2\/categories?post=684"},{"taxonomy":"post_tag","embeddable":true,"href":"https:\/\/pisosvitoria.com\/blog\/wp-json\/wp\/v2\/tags?post=684"}],"curies":[{"name":"wp","href":"https:\/\/api.w.org\/{rel}","templated":true}]}}