{"id":696,"date":"2022-03-28T08:47:26","date_gmt":"2022-03-28T07:47:26","guid":{"rendered":"http:\/\/pisosvitoria.com\/blog\/?p=696"},"modified":"2022-03-28T08:47:31","modified_gmt":"2022-03-28T07:47:31","slug":"articulo-inmobiliaria-pisosvitoria-en-el-correo-de-alava-sobre-vivienda","status":"publish","type":"post","link":"https:\/\/pisosvitoria.com\/blog\/articulo-inmobiliaria-pisosvitoria-en-el-correo-de-alava-sobre-vivienda\/","title":{"rendered":"Art\u00edculo: Inmobiliaria PisosVitoria en El Correo de \u00c1lava sobre vivienda"},"content":{"rendered":"\n<p> Este 27 de Marzo El Correo  de \u00c1lava tanto en su edici\u00f3n impresa como digital destaca que la  construcci\u00f3n en Vitoria prev\u00e9 un repunte de los precios del 10% en obra  nueva. <\/p>\n\n\n\n<!--more-->\n\n\n\n<p>En el art\u00edculo que puedes ver en el siguiente enlace:<a href=\"https:\/\/www.elcorreo.com\/alava\/araba\/pisos-en-venta-en-vitoria-precios-suben-20220327193511-nt.html\">\u00a0https:\/\/www.elcorreo.com\/alava\/araba\/pisos-en-venta-en-vitoria-precios-suben-20220327193511-nt.html<\/a>\u00a0se  consulta a Carlos Fern\u00e1ndez de Nograro Consejero Delegado de  Construcciones Fern\u00e1ndez de Nograro y la inmobiliaria PisosVitoria sobre  el repunte de los precios en obra nueva que est\u00e1n fundamentalmente  motivados por los aumentos de precio de los materiales de construcci\u00f3n.\u00a0<\/p>\n\n\n\n<p>Se  habla tambi\u00e9n del buen momento de ventas debido a los buenos tipos de  las hipotecas que la banca sigue ofreciendo. En la misma l\u00ednea se  comenta el descenso de la demanda de viviendas VPO que muchos a\u00f1os atr\u00e1s  llenaba auditorios en los sorteos de vivienda.<\/p>\n\n\n\n<p style=\"text-align:center\">Quieres vender tu vivienda en Vitoria?<br>Ven  a PisosVitoria la inmobiliaria de Fern\u00e1ndez de Nograro con m\u00e1s de 67  a\u00f1os de experiencia en la venta de miles de viviendas en Vitoria<br><a href=\"https:\/\/pisosvitoria.com\/content\/10-vender\">Haz clic aqu\u00ed<\/a><\/p>\n","protected":false},"excerpt":{"rendered":"<p>Este 27 de Marzo El Correo de \u00c1lava tanto en su edici\u00f3n impresa como digital destaca que la construcci\u00f3n en Vitoria prev\u00e9 un repunte de los precios del 10% en obra nueva.<\/p>\n","protected":false},"author":3,"featured_media":697,"comment_status":"closed","ping_status":"closed","sticky":false,"template":"","format":"standard","meta":{"_monsterinsights_skip_tracking":false,"_monsterinsights_sitenote_active":false,"_monsterinsights_sitenote_note":"","_monsterinsights_sitenote_category":0,"footnotes":""},"categories":[28,68],"tags":[],"class_list":["post-696","post","type-post","status-publish","format-standard","has-post-thumbnail","hentry","category-comprar","category-obra-nueva"],"_links":{"self":[{"href":"https:\/\/pisosvitoria.com\/blog\/wp-json\/wp\/v2\/posts\/696","targetHints":{"allow":["GET"]}}],"collection":[{"href":"https:\/\/pisosvitoria.com\/blog\/wp-json\/wp\/v2\/posts"}],"about":[{"href":"https:\/\/pisosvitoria.com\/blog\/wp-json\/wp\/v2\/types\/post"}],"author":[{"embeddable":true,"href":"https:\/\/pisosvitoria.com\/blog\/wp-json\/wp\/v2\/users\/3"}],"replies":[{"embeddable":true,"href":"https:\/\/pisosvitoria.com\/blog\/wp-json\/wp\/v2\/comments?post=696"}],"version-history":[{"count":1,"href":"https:\/\/pisosvitoria.com\/blog\/wp-json\/wp\/v2\/posts\/696\/revisions"}],"predecessor-version":[{"id":698,"href":"https:\/\/pisosvitoria.com\/blog\/wp-json\/wp\/v2\/posts\/696\/revisions\/698"}],"wp:featuredmedia":[{"embeddable":true,"href":"https:\/\/pisosvitoria.com\/blog\/wp-json\/wp\/v2\/media\/697"}],"wp:attachment":[{"href":"https:\/\/pisosvitoria.com\/blog\/wp-json\/wp\/v2\/media?parent=696"}],"wp:term":[{"taxonomy":"category","embeddable":true,"href":"https:\/\/pisosvitoria.com\/blog\/wp-json\/wp\/v2\/categories?post=696"},{"taxonomy":"post_tag","embeddable":true,"href":"https:\/\/pisosvitoria.com\/blog\/wp-json\/wp\/v2\/tags?post=696"}],"curies":[{"name":"wp","href":"https:\/\/api.w.org\/{rel}","templated":true}]}}