{"id":703,"date":"2022-04-17T10:30:19","date_gmt":"2022-04-17T09:30:19","guid":{"rendered":"http:\/\/pisosvitoria.com\/blog\/?p=703"},"modified":"2022-04-04T08:51:45","modified_gmt":"2022-04-04T07:51:45","slug":"articulo-el-diario-noticias-de-alava-inmobiliaria-pisosvitoria","status":"publish","type":"post","link":"https:\/\/pisosvitoria.com\/blog\/articulo-el-diario-noticias-de-alava-inmobiliaria-pisosvitoria\/","title":{"rendered":"Art\u00edculo el Diario Noticias de \u00c1lava Inmobiliaria PisosVitoria"},"content":{"rendered":"\n<p>El pasado 29 de marzo de 2022 el Diario de Noticias de \u00c1lava public\u00f3 un art\u00edculo sobre los barrios donde quieren vivir los vitorianos. <\/p>\n\n\n\n<!--more-->\n\n\n\n<p>En el art\u00edculo el peri\u00f3dico consultaba a Carlos Fern\u00e1ndez de Nograro Consejero Delegado de la Immobiliaria PisosVitoria sobre las preferencias de los vitorianos a la hora de elegir barrio. Entre las opciones se destaca Parque del Este o la zona de Aretxabaleta. <\/p>\n\n\n\n<p>Destaca en el art\u00edculo que \u201cse busca piso no muy lejos del centro, con zonas verdes para pasear, exterior y luminoso, con m\u00e1s metros cuadrados, terraza y una habitaci\u00f3n m\u00e1s para trabajar, hacer deporte o estudiar\u201d<\/p>\n\n\n\n<p>Asimismo indica que viviendas como las que se est\u00e1n edificando en el Parque del Este de Salburua \u201cadem\u00e1s de ser exteriores, luminosas y con terraza, tienen muy cerca muchos servicios esenciales como el centro c\u00edvico, el centro de salud y colegios, adem\u00e1s de la pr\u00f3xima puesta en marcha del tranv\u00eda en este barrio de calles anchas y espaciosas\u201d<\/p>\n\n\n\n<p>Puedes leer el art\u00edculo completo en el siguiente enlace:<\/p>\n\n\n\n<p><a href=\"https:\/\/amp.noticiasdealava.eus\/araba\/2022\/03\/29\/pisos-compramos-ahora-vitoria\/1176052.html\">https:\/\/amp.noticiasdealava.eus\/araba\/2022\/03\/29\/pisos-compramos-ahora-vitoria\/1176052.html<\/a><\/p>\n","protected":false},"excerpt":{"rendered":"<p>El pasado 29 de marzo de 2022 el Diario de Noticias de \u00c1lava public\u00f3 un art\u00edculo sobre los barrios donde quieren vivir los vitorianos.<\/p>\n","protected":false},"author":3,"featured_media":610,"comment_status":"closed","ping_status":"closed","sticky":false,"template":"","format":"standard","meta":{"_monsterinsights_skip_tracking":false,"_monsterinsights_sitenote_active":false,"_monsterinsights_sitenote_note":"","_monsterinsights_sitenote_category":0,"footnotes":""},"categories":[13,28,68,4],"tags":[],"class_list":["post-703","post","type-post","status-publish","format-standard","has-post-thumbnail","hentry","category-alquilar","category-comprar","category-obra-nueva","category-vender"],"_links":{"self":[{"href":"https:\/\/pisosvitoria.com\/blog\/wp-json\/wp\/v2\/posts\/703","targetHints":{"allow":["GET"]}}],"collection":[{"href":"https:\/\/pisosvitoria.com\/blog\/wp-json\/wp\/v2\/posts"}],"about":[{"href":"https:\/\/pisosvitoria.com\/blog\/wp-json\/wp\/v2\/types\/post"}],"author":[{"embeddable":true,"href":"https:\/\/pisosvitoria.com\/blog\/wp-json\/wp\/v2\/users\/3"}],"replies":[{"embeddable":true,"href":"https:\/\/pisosvitoria.com\/blog\/wp-json\/wp\/v2\/comments?post=703"}],"version-history":[{"count":1,"href":"https:\/\/pisosvitoria.com\/blog\/wp-json\/wp\/v2\/posts\/703\/revisions"}],"predecessor-version":[{"id":704,"href":"https:\/\/pisosvitoria.com\/blog\/wp-json\/wp\/v2\/posts\/703\/revisions\/704"}],"wp:featuredmedia":[{"embeddable":true,"href":"https:\/\/pisosvitoria.com\/blog\/wp-json\/wp\/v2\/media\/610"}],"wp:attachment":[{"href":"https:\/\/pisosvitoria.com\/blog\/wp-json\/wp\/v2\/media?parent=703"}],"wp:term":[{"taxonomy":"category","embeddable":true,"href":"https:\/\/pisosvitoria.com\/blog\/wp-json\/wp\/v2\/categories?post=703"},{"taxonomy":"post_tag","embeddable":true,"href":"https:\/\/pisosvitoria.com\/blog\/wp-json\/wp\/v2\/tags?post=703"}],"curies":[{"name":"wp","href":"https:\/\/api.w.org\/{rel}","templated":true}]}}