{"id":710,"date":"2022-05-17T09:04:01","date_gmt":"2022-05-17T08:04:01","guid":{"rendered":"http:\/\/pisosvitoria.com\/blog\/?p=710"},"modified":"2022-05-17T09:04:05","modified_gmt":"2022-05-17T08:04:05","slug":"alquilar-piso-o-casa-de-pueblo-en-alava","status":"publish","type":"post","link":"https:\/\/pisosvitoria.com\/blog\/alquilar-piso-o-casa-de-pueblo-en-alava\/","title":{"rendered":"Alquilar piso o casa de pueblo en \u00c1lava"},"content":{"rendered":"\n<p>En casi todos los pueblos de \u00c1lava ha ocurrido que a lo largo de los a\u00f1os muchas familias alavesas de desplazaron del pueblo a la ciudad de Vitoria Gasteiz. Como consecuencia de lo anterior muchas de los pisos o casas de pueblo quedaron a lo largo de los a\u00f1os como viviendas que se utilizaban en muchos casos como casas de veraneo. Con el paso del tiempo las familias se han hecho mas grandes y en muchos casos quedan pr\u00e1cticamente sin uso alguno.<\/p>\n\n\n\n<!--more-->\n\n\n\n<p>Adem\u00e1s de plantear la venta en muchos casos puede resultar muy interesante poner de nuevo en valor ese piso o casa de pueblo alquilandolo. Muchos propietarios se encuentran con dificultades para realizar ese alquiler ya que es de varios familiares y no saben que renta mensual puede ser la adecuada. Igualmente a la hora de ense\u00f1ar por la distancia suele ser mas complicado de realizar. Por \u00faltimo realizar todos los tramites de contrato, visado etc puede resultar un problema si no se realiza de forma correcta.<\/p>\n\n\n\n<p>Desde <strong>PisosVitoria la inmobiliaria de Fern\u00e1ndez de Nograro<\/strong> con <em>m\u00e1s de 65 a\u00f1os de experiencia<\/em> en el sector nos encargamos de todo para alquilar con seguridad tu piso o casa de pueblo en \u00c1lava. Conocemos muy bien cada pueblo de \u00c1lava as\u00ed como los perfiles de las personas que est\u00e1n buscando alquilar en la zona.<\/p>\n\n\n\n<p style=\"text-align:center\"><a href=\"https:\/\/pisosvitoria.com\/content\/17-alquilar\">\u00bfQuieres alquilar tu piso o casa de pueblo en \u00c1lava? Haz clic aqu\u00ed<\/a><\/p>\n","protected":false},"excerpt":{"rendered":"<p>En casi todos los pueblos de \u00c1lava ha ocurrido que a lo largo de los a\u00f1os muchas familias alavesas de desplazaron del pueblo a la ciudad de Vitoria Gasteiz. Como consecuencia de lo anterior muchas de los pisos o casas de pueblo quedaron a lo largo de los a\u00f1os como viviendas que se utilizaban en &hellip; <\/p>\n<p class=\"link-more\"><a href=\"https:\/\/pisosvitoria.com\/blog\/alquilar-piso-o-casa-de-pueblo-en-alava\/\" class=\"more-link\">Continuar leyendo<span class=\"screen-reader-text\"> \u00abAlquilar piso o casa de pueblo en \u00c1lava\u00bb<\/span><\/a><\/p>\n","protected":false},"author":3,"featured_media":691,"comment_status":"closed","ping_status":"closed","sticky":false,"template":"","format":"standard","meta":{"_monsterinsights_skip_tracking":false,"_monsterinsights_sitenote_active":false,"_monsterinsights_sitenote_note":"","_monsterinsights_sitenote_category":0,"footnotes":""},"categories":[13],"tags":[],"class_list":["post-710","post","type-post","status-publish","format-standard","has-post-thumbnail","hentry","category-alquilar"],"_links":{"self":[{"href":"https:\/\/pisosvitoria.com\/blog\/wp-json\/wp\/v2\/posts\/710","targetHints":{"allow":["GET"]}}],"collection":[{"href":"https:\/\/pisosvitoria.com\/blog\/wp-json\/wp\/v2\/posts"}],"about":[{"href":"https:\/\/pisosvitoria.com\/blog\/wp-json\/wp\/v2\/types\/post"}],"author":[{"embeddable":true,"href":"https:\/\/pisosvitoria.com\/blog\/wp-json\/wp\/v2\/users\/3"}],"replies":[{"embeddable":true,"href":"https:\/\/pisosvitoria.com\/blog\/wp-json\/wp\/v2\/comments?post=710"}],"version-history":[{"count":1,"href":"https:\/\/pisosvitoria.com\/blog\/wp-json\/wp\/v2\/posts\/710\/revisions"}],"predecessor-version":[{"id":711,"href":"https:\/\/pisosvitoria.com\/blog\/wp-json\/wp\/v2\/posts\/710\/revisions\/711"}],"wp:featuredmedia":[{"embeddable":true,"href":"https:\/\/pisosvitoria.com\/blog\/wp-json\/wp\/v2\/media\/691"}],"wp:attachment":[{"href":"https:\/\/pisosvitoria.com\/blog\/wp-json\/wp\/v2\/media?parent=710"}],"wp:term":[{"taxonomy":"category","embeddable":true,"href":"https:\/\/pisosvitoria.com\/blog\/wp-json\/wp\/v2\/categories?post=710"},{"taxonomy":"post_tag","embeddable":true,"href":"https:\/\/pisosvitoria.com\/blog\/wp-json\/wp\/v2\/tags?post=710"}],"curies":[{"name":"wp","href":"https:\/\/api.w.org\/{rel}","templated":true}]}}