{"id":743,"date":"2022-10-10T08:59:15","date_gmt":"2022-10-10T07:59:15","guid":{"rendered":"http:\/\/pisosvitoria.com\/blog\/?p=743"},"modified":"2022-10-10T08:59:15","modified_gmt":"2022-10-10T07:59:15","slug":"subidas-de-precio-de-vpo-en-vitoria","status":"publish","type":"post","link":"https:\/\/pisosvitoria.com\/blog\/subidas-de-precio-de-vpo-en-vitoria\/","title":{"rendered":"Subidas de precio de VPO en Vitoria"},"content":{"rendered":"\n<p>El pasado mes de julio el Gobierno Vasco ha actualizado los m\u00f3dulos de precios de Viviendas de Protecci\u00f3n Oficial en Euskadi. <br>\nLa VPO de r\u00e9gimen general ha aumentado de precio en torno a un 12% de media. <\/p>\n\n\n\n<!--more-->\n\n\n\n<p>Los m\u00f3dulos de VPO en Euskadi llevaban varios a\u00f1os sin actualizarse y como consecuencia de la alta inflaci\u00f3n la construcci\u00f3n de futuras promociones de VPO resultaba totalmente inviable dejando a una parte de la poblaci\u00f3n en Euskadi sin acceso a una vivienda en unos precios determinados.<\/p>\n\n\n\n<p>Al ser una noticia de finales del mes de Julio mucha gente de Vitoria no ha tenido conocimiento de esta subida y es muy importante conocerla antes de poner a la venta una VPO.<\/p>\n\n\n\n<p>La subida es beneficiosa para aquellos que quieren vender su VPO pero en muchos casos no consiguen venderla con la rapidez que se vend\u00edan con anterioridad a la subida.<\/p>\n\n\n\n<p>Igual que el resto de viviendas en la actualidad para poder vender una VPO en Vitoria es m\u00e1s necesario que nunca en un contexto de subidas de tipos de inter\u00e9s contar con un buen plan de venta para conseguir venderla al mayor precio en el menor tiempo posible.<\/p>\n\n\n\n<p>Desde PisosVitoria la inmobiliaria de Fern\u00e1ndez de Nograro contamos con m\u00e1s de 67 a\u00f1os de experiencia en la venta de miles de viviendas en Vitoria incluidas VPO. Si quieres conocer el precio de tu VPO en Vitoria para venderla en PisosVitoria tenemos el mejor plan de venta. Ven informarte a nuestras oficinas en Calle Prado n\u00ba6 junto a la Virgen Blanca o haciendo clic en el siguiente enlace:<\/p>\n\n\n\n<p style=\"text-align:center\"><a href=\"https:\/\/pisosvitoria.com\/content\/10-vender\">HAZ CLIC AQUI<\/a><\/p>\n","protected":false},"excerpt":{"rendered":"<p>El pasado mes de julio el Gobierno Vasco ha actualizado los m\u00f3dulos de precios de Viviendas de Protecci\u00f3n Oficial en Euskadi. La VPO de r\u00e9gimen general ha aumentado de precio en torno a un 12% de media.<\/p>\n","protected":false},"author":3,"featured_media":540,"comment_status":"closed","ping_status":"closed","sticky":false,"template":"","format":"standard","meta":{"_monsterinsights_skip_tracking":false,"_monsterinsights_sitenote_active":false,"_monsterinsights_sitenote_note":"","_monsterinsights_sitenote_category":0,"footnotes":""},"categories":[28,4],"tags":[],"class_list":["post-743","post","type-post","status-publish","format-standard","has-post-thumbnail","hentry","category-comprar","category-vender"],"_links":{"self":[{"href":"https:\/\/pisosvitoria.com\/blog\/wp-json\/wp\/v2\/posts\/743","targetHints":{"allow":["GET"]}}],"collection":[{"href":"https:\/\/pisosvitoria.com\/blog\/wp-json\/wp\/v2\/posts"}],"about":[{"href":"https:\/\/pisosvitoria.com\/blog\/wp-json\/wp\/v2\/types\/post"}],"author":[{"embeddable":true,"href":"https:\/\/pisosvitoria.com\/blog\/wp-json\/wp\/v2\/users\/3"}],"replies":[{"embeddable":true,"href":"https:\/\/pisosvitoria.com\/blog\/wp-json\/wp\/v2\/comments?post=743"}],"version-history":[{"count":1,"href":"https:\/\/pisosvitoria.com\/blog\/wp-json\/wp\/v2\/posts\/743\/revisions"}],"predecessor-version":[{"id":744,"href":"https:\/\/pisosvitoria.com\/blog\/wp-json\/wp\/v2\/posts\/743\/revisions\/744"}],"wp:featuredmedia":[{"embeddable":true,"href":"https:\/\/pisosvitoria.com\/blog\/wp-json\/wp\/v2\/media\/540"}],"wp:attachment":[{"href":"https:\/\/pisosvitoria.com\/blog\/wp-json\/wp\/v2\/media?parent=743"}],"wp:term":[{"taxonomy":"category","embeddable":true,"href":"https:\/\/pisosvitoria.com\/blog\/wp-json\/wp\/v2\/categories?post=743"},{"taxonomy":"post_tag","embeddable":true,"href":"https:\/\/pisosvitoria.com\/blog\/wp-json\/wp\/v2\/tags?post=743"}],"curies":[{"name":"wp","href":"https:\/\/api.w.org\/{rel}","templated":true}]}}