{"id":771,"date":"2023-01-08T18:33:49","date_gmt":"2023-01-08T17:33:49","guid":{"rendered":"http:\/\/pisosvitoria.com\/blog\/?p=771"},"modified":"2023-01-08T18:33:50","modified_gmt":"2023-01-08T17:33:50","slug":"finalizar-contrato-del-alquiler-en-vitoria","status":"publish","type":"post","link":"https:\/\/pisosvitoria.com\/blog\/finalizar-contrato-del-alquiler-en-vitoria\/","title":{"rendered":"Finalizar contrato del alquiler en Vitoria"},"content":{"rendered":"\n<p>La fase final del arrendamiento de una vivienda en Vitoria es la resoluci\u00f3n del contrato de alquiler.<\/p>\n\n\n\n<!--more-->\n\n\n\n<p>En muchas ocasiones los propietarios hicieron el alquiler hace mucho tiempo y no saben realmente cuando se puede finalizar el contrato de alquiler. Otras veces tanto el propietario como el inquilino no est\u00e1n de acuerdo en las condiciones de finalizaci\u00f3n del mismo sobretodo cuando el propietario necesita la vivienda antes de finalizar los plazos establecidos por Ley.<\/p>\n\n\n\n<p>Es importante estar seguro en primer lugar de lo indicado en el contrato de arrendamiento y si el mismo es conforme a lo que indica la Ley y cada una de las modificaciones que se han realizado.<\/p>\n\n\n\n<p>Adem\u00e1s de lo anterior es importante tener en cuenta el momento de la entrega de llaves as\u00ed como la revisi\u00f3n de la vivienda y concretar el tema de suministros as\u00ed como si procede o no la devoluci\u00f3n de la fianza y otras garant\u00edas adicionales si existieran.<\/p>\n\n\n\n<p>Si tienes pensado vender tu piso alquilado en Vitoria o alquilarlo de nuevo la recomendaci\u00f3n es tener muy claro los aspectos destacados con anterioridad y si no se tiene la certeza poder hacerlo correctamente acudir a un profesional que te ayude.<\/p>\n\n\n\n<p>Desde PisosVitoria la inmobiliaria de Fern\u00e1ndez de Nograro contamos con abogado propio colegiado en \u00c1lava y podemos ayudarte en la finalizaci\u00f3n del contrato de arrendamiento para realizar todo el tr\u00e1mite correctamente y sin problemas posteriores para que puedas vender o alquilar de nuevo el piso.<\/p>\n\n\n\n<p>Ven y cons\u00faltanos tu caso en nuestras oficinas en calle Prado n\u00ba6 junto a la Virgen Blanca o bien en el tel\u00e9fono 945274742<\/p>\n\n\n\n<p style=\"text-align:center\"><a href=\"https:\/\/pisosvitoria.com\/content\/17-alquilar\">M\u00e1s informaci\u00f3n<\/a><\/p>\n\n\n\n<p><\/p>\n","protected":false},"excerpt":{"rendered":"<p>La fase final del arrendamiento de una vivienda en Vitoria es la resoluci\u00f3n del contrato de alquiler.<\/p>\n","protected":false},"author":3,"featured_media":772,"comment_status":"closed","ping_status":"closed","sticky":false,"template":"","format":"standard","meta":{"_monsterinsights_skip_tracking":false,"_monsterinsights_sitenote_active":false,"_monsterinsights_sitenote_note":"","_monsterinsights_sitenote_category":0,"footnotes":""},"categories":[13],"tags":[],"class_list":["post-771","post","type-post","status-publish","format-standard","has-post-thumbnail","hentry","category-alquilar"],"_links":{"self":[{"href":"https:\/\/pisosvitoria.com\/blog\/wp-json\/wp\/v2\/posts\/771","targetHints":{"allow":["GET"]}}],"collection":[{"href":"https:\/\/pisosvitoria.com\/blog\/wp-json\/wp\/v2\/posts"}],"about":[{"href":"https:\/\/pisosvitoria.com\/blog\/wp-json\/wp\/v2\/types\/post"}],"author":[{"embeddable":true,"href":"https:\/\/pisosvitoria.com\/blog\/wp-json\/wp\/v2\/users\/3"}],"replies":[{"embeddable":true,"href":"https:\/\/pisosvitoria.com\/blog\/wp-json\/wp\/v2\/comments?post=771"}],"version-history":[{"count":1,"href":"https:\/\/pisosvitoria.com\/blog\/wp-json\/wp\/v2\/posts\/771\/revisions"}],"predecessor-version":[{"id":773,"href":"https:\/\/pisosvitoria.com\/blog\/wp-json\/wp\/v2\/posts\/771\/revisions\/773"}],"wp:featuredmedia":[{"embeddable":true,"href":"https:\/\/pisosvitoria.com\/blog\/wp-json\/wp\/v2\/media\/772"}],"wp:attachment":[{"href":"https:\/\/pisosvitoria.com\/blog\/wp-json\/wp\/v2\/media?parent=771"}],"wp:term":[{"taxonomy":"category","embeddable":true,"href":"https:\/\/pisosvitoria.com\/blog\/wp-json\/wp\/v2\/categories?post=771"},{"taxonomy":"post_tag","embeddable":true,"href":"https:\/\/pisosvitoria.com\/blog\/wp-json\/wp\/v2\/tags?post=771"}],"curies":[{"name":"wp","href":"https:\/\/api.w.org\/{rel}","templated":true}]}}