{"id":794,"date":"2023-05-14T18:38:59","date_gmt":"2023-05-14T17:38:59","guid":{"rendered":"http:\/\/pisosvitoria.com\/blog\/?p=794"},"modified":"2023-05-14T18:39:00","modified_gmt":"2023-05-14T17:39:00","slug":"nueva-ley-de-vivienda-efectos-en-el-mercado-de-alquiler-de-vitoria","status":"publish","type":"post","link":"https:\/\/pisosvitoria.com\/blog\/nueva-ley-de-vivienda-efectos-en-el-mercado-de-alquiler-de-vitoria\/","title":{"rendered":"Nueva Ley de Vivienda efectos en el mercado de alquiler de Vitoria"},"content":{"rendered":"\n<p>La nueva ley de Vivienda ha superado el primer tr\u00e1mite para ser finalmente aprobada previsiblemente antes del 28 de mayo de 2023.<\/p>\n\n\n\n<!--more-->\n\n\n\n<p>Te resumimos a continuaci\u00f3n los efectos de la ley en el mercado del alquiler de Vitoria:<\/p>\n\n\n\n<p>1- Se modifica la definici\u00f3n de gran tenedor de vivienda: aquellos que tengan en propiedad 5 o m\u00e1s viviendas en zonas tensionadas o hasta 10 viviendas (o 1.500 m2) en zonas no tensionadas.<\/p>\n\n\n\n<p>2- Zonas tensionadas: La declaraci\u00f3n de un barrio o un municipio como zona tensionada la realizar\u00e1 cada Comunidad Aut\u00f3noma siempre que el coste medio de alquiler supere unos par\u00e1metros o que el precio del alquiler haya aumentado por encima de 3<br>\npuntos sobre el ipc.<\/p>\n\n\n\n<p>3- Se prohibe aumentar el precio del alquiler con nuevos gastos extras que no est\u00e9n contemplados en el contrato de alquiler.<\/p>\n\n\n\n<p>4- Se proh\u00edbe la redacci\u00f3n de los contratos donde se indique seg\u00fan acuerdo entre las partes cuando sea algo contrario a la Ley de Vivienda.<\/p>\n\n\n\n<p>5- Se la actualizaci\u00f3n anual del alquiler eliminando el IPC como referencia siendo el 2% en 2023, el 3% en 2024 y en 2025 se aprobar\u00e1 un nuevo \u00edndice de actualizaci\u00f3n de precios del alquiler.<\/p>\n\n\n\n<p>6- Los honorarios de la inmobiliaria ser\u00e1n a partir de la aprobaci\u00f3n de la nueva Ley por cuenta del arrendador.<\/p>\n\n\n\n<p>7- Nuevas medidas frente a desahucios:<br>\nObligatoriedad de fecha y hora para llevar a cabo los lanzamientos as\u00ed como nuevas pr\u00f3rrogas en los procedimientos de lanzamiento.<br>\nObligatoriedad de soluciones extrajudiciales para las personas vulnerables.<\/p>\n\n\n\n<p>8- Recargo del IBI para viviendas vac\u00edas: Permite a los Ayuntamientos que puedan aumentar el importe del IBI para viviendas que est\u00e9n vac\u00edas con un recargo de hasta el 150%.<\/p>\n\n\n\n<p>Ante la mayor complejidad para alquilar una vivienda se hace m\u00e1s necesario que nunca contar con un buen asesoramiento profesional para realizar cualquier alquiler de vivienda en Vitoria. Desde PisosVitoria la inmobiliaria de Fern\u00e1ndez de Nograro contamos con m\u00e1s de 68 a\u00f1os de experiencia en el sector inmobiliario y contamos con abogado propio para ayudarte en todas las dudas para que el alquile se realice sin problema. Ven a informarte en nuestras oficinas en calle Prado n\u00ba6 junto a la Virgen Blanca o a trav\u00e9s de nuestra web:<\/p>\n\n\n\n<p style=\"text-align:center\"><a href=\"https:\/\/pisosvitoria.com\/content\/17-alquilar\">Haz clic aqu\u00ed<\/a><\/p>\n","protected":false},"excerpt":{"rendered":"<p>La nueva ley de Vivienda ha superado el primer tr\u00e1mite para ser finalmente aprobada previsiblemente antes del 28 de mayo de 2023.<\/p>\n","protected":false},"author":3,"featured_media":252,"comment_status":"closed","ping_status":"closed","sticky":false,"template":"","format":"standard","meta":{"_monsterinsights_skip_tracking":false,"_monsterinsights_sitenote_active":false,"_monsterinsights_sitenote_note":"","_monsterinsights_sitenote_category":0,"footnotes":""},"categories":[13],"tags":[],"class_list":["post-794","post","type-post","status-publish","format-standard","has-post-thumbnail","hentry","category-alquilar"],"_links":{"self":[{"href":"https:\/\/pisosvitoria.com\/blog\/wp-json\/wp\/v2\/posts\/794","targetHints":{"allow":["GET"]}}],"collection":[{"href":"https:\/\/pisosvitoria.com\/blog\/wp-json\/wp\/v2\/posts"}],"about":[{"href":"https:\/\/pisosvitoria.com\/blog\/wp-json\/wp\/v2\/types\/post"}],"author":[{"embeddable":true,"href":"https:\/\/pisosvitoria.com\/blog\/wp-json\/wp\/v2\/users\/3"}],"replies":[{"embeddable":true,"href":"https:\/\/pisosvitoria.com\/blog\/wp-json\/wp\/v2\/comments?post=794"}],"version-history":[{"count":1,"href":"https:\/\/pisosvitoria.com\/blog\/wp-json\/wp\/v2\/posts\/794\/revisions"}],"predecessor-version":[{"id":795,"href":"https:\/\/pisosvitoria.com\/blog\/wp-json\/wp\/v2\/posts\/794\/revisions\/795"}],"wp:featuredmedia":[{"embeddable":true,"href":"https:\/\/pisosvitoria.com\/blog\/wp-json\/wp\/v2\/media\/252"}],"wp:attachment":[{"href":"https:\/\/pisosvitoria.com\/blog\/wp-json\/wp\/v2\/media?parent=794"}],"wp:term":[{"taxonomy":"category","embeddable":true,"href":"https:\/\/pisosvitoria.com\/blog\/wp-json\/wp\/v2\/categories?post=794"},{"taxonomy":"post_tag","embeddable":true,"href":"https:\/\/pisosvitoria.com\/blog\/wp-json\/wp\/v2\/tags?post=794"}],"curies":[{"name":"wp","href":"https:\/\/api.w.org\/{rel}","templated":true}]}}