{"id":802,"date":"2023-08-20T22:47:48","date_gmt":"2023-08-20T21:47:48","guid":{"rendered":"http:\/\/pisosvitoria.com\/blog\/?p=802"},"modified":"2023-08-24T11:51:32","modified_gmt":"2023-08-24T10:51:32","slug":"licencia-concedida-terrazas-parque-del-este-fase-iii","status":"publish","type":"post","link":"https:\/\/pisosvitoria.com\/blog\/licencia-concedida-terrazas-parque-del-este-fase-iii\/","title":{"rendered":"Licencia concedida Terrazas Parque del Este Fase III"},"content":{"rendered":"\n<p>La \u00faltima de las fases de la promoci\u00f3n Terrazas Parque del Este de Fern\u00e1ndez de Nograro acaba de obtener la licencia de obras para la fase III.<\/p>\n\n\n\n<!--more-->\n\n\n\n<p>Viviendas de 2,3 y 4 dormitorios con Grandes Terrazas orientadas al sur de m\u00e1s de 10m2 con vistas al parque del este y miradores acristalados.<\/p>\n\n\n\n<p>En un entorno verde en pleno Parque y totalmente consolidado con el centro de salud, centro civico, centro comercial y junto a parada de tranv\u00eda a menos de 10 minutos del centro de Vitoria.<\/p>\n\n\n\n<p>\u00daltima oportunidad! Solamente 4 viviendas disponibles. <\/p>\n\n\n\n<p>M\u00e1s informaci\u00f3n:<br> <a href=\"http:\/\/www.TerrazasParquedelEste.com\">www.TerrazasParquedelEste.com<\/a> <br> Oficinas en calle Prado n\u00ba6 junto a la Virgen Blanca <\/p>\n","protected":false},"excerpt":{"rendered":"<p>La \u00faltima de las fases de la promoci\u00f3n Terrazas Parque del Este de Fern\u00e1ndez de Nograro acaba de obtener la licencia de obras para la fase III.<\/p>\n","protected":false},"author":3,"featured_media":732,"comment_status":"closed","ping_status":"closed","sticky":false,"template":"","format":"standard","meta":{"_monsterinsights_skip_tracking":false,"_monsterinsights_sitenote_active":false,"_monsterinsights_sitenote_note":"","_monsterinsights_sitenote_category":0,"footnotes":""},"categories":[68],"tags":[],"class_list":["post-802","post","type-post","status-publish","format-standard","has-post-thumbnail","hentry","category-obra-nueva"],"_links":{"self":[{"href":"https:\/\/pisosvitoria.com\/blog\/wp-json\/wp\/v2\/posts\/802","targetHints":{"allow":["GET"]}}],"collection":[{"href":"https:\/\/pisosvitoria.com\/blog\/wp-json\/wp\/v2\/posts"}],"about":[{"href":"https:\/\/pisosvitoria.com\/blog\/wp-json\/wp\/v2\/types\/post"}],"author":[{"embeddable":true,"href":"https:\/\/pisosvitoria.com\/blog\/wp-json\/wp\/v2\/users\/3"}],"replies":[{"embeddable":true,"href":"https:\/\/pisosvitoria.com\/blog\/wp-json\/wp\/v2\/comments?post=802"}],"version-history":[{"count":2,"href":"https:\/\/pisosvitoria.com\/blog\/wp-json\/wp\/v2\/posts\/802\/revisions"}],"predecessor-version":[{"id":808,"href":"https:\/\/pisosvitoria.com\/blog\/wp-json\/wp\/v2\/posts\/802\/revisions\/808"}],"wp:featuredmedia":[{"embeddable":true,"href":"https:\/\/pisosvitoria.com\/blog\/wp-json\/wp\/v2\/media\/732"}],"wp:attachment":[{"href":"https:\/\/pisosvitoria.com\/blog\/wp-json\/wp\/v2\/media?parent=802"}],"wp:term":[{"taxonomy":"category","embeddable":true,"href":"https:\/\/pisosvitoria.com\/blog\/wp-json\/wp\/v2\/categories?post=802"},{"taxonomy":"post_tag","embeddable":true,"href":"https:\/\/pisosvitoria.com\/blog\/wp-json\/wp\/v2\/tags?post=802"}],"curies":[{"name":"wp","href":"https:\/\/api.w.org\/{rel}","templated":true}]}}