{"id":828,"date":"2023-10-28T11:00:52","date_gmt":"2023-10-28T10:00:52","guid":{"rendered":"http:\/\/pisosvitoria.com\/blog\/?p=828"},"modified":"2023-10-28T11:00:54","modified_gmt":"2023-10-28T10:00:54","slug":"nuevo-directo-visita-chalet-con-jardin-en-calle-la-razuela-nanclares","status":"publish","type":"post","link":"https:\/\/pisosvitoria.com\/blog\/nuevo-directo-visita-chalet-con-jardin-en-calle-la-razuela-nanclares\/","title":{"rendered":"Nuevo directo visita Chalet con Jard\u00edn en calle La Razuela Nanclares"},"content":{"rendered":"\n<p>Nuevo directo visita Chalet con Jard\u00edn en calle La Razuela Nanclares<\/p>\n\n\n\n<p>Hemos ha realizado una nueva emisi\u00f3n en directo a trav\u00e9s del canal de TV de PisosVitoria la inmobiliaria de Fern\u00e1ndez de Nograro del Chalet con Jard\u00edn en calle La Razuela en Nanclares (\u00c1lava). <\/p>\n\n\n\n<p>Se trata de una casa adosada de 3 dormitorios con jard\u00edn 60m2 a tan solo 5 minutos de Vitoria. Reciente construcci\u00f3n (a\u00f1o 2003). <\/p>\n\n\n\n<p>El municipio de Nanclares cuenta con todos los servicios y tiene tren y autob\u00fas directo a Vitoria.<\/p>\n\n\n\n<p>Si no pudiste acceder en ese momento al directo donde se muestran los detalles de la casa con jard\u00edn puedes ver la grabaci\u00f3n de la emisi\u00f3n ya disponible en nuestra p\u00e1gina web en el siguiente enlace:<\/p>\n\n\n\n<figure class=\"wp-block-embed-youtube wp-block-embed is-type-video is-provider-youtube wp-embed-aspect-16-9 wp-has-aspect-ratio\"><div class=\"wp-block-embed__wrapper\">\n<iframe loading=\"lazy\" title=\"NANCLARES DE LA OCA - C\/ LA RAZUELA\" width=\"525\" height=\"295\" src=\"https:\/\/www.youtube.com\/embed\/FPiIGa6ipx0?feature=oembed\" frameborder=\"0\" allow=\"accelerometer; autoplay; clipboard-write; encrypted-media; gyroscope; picture-in-picture; web-share\" referrerpolicy=\"strict-origin-when-cross-origin\" allowfullscreen><\/iframe>\n<\/div><\/figure>\n","protected":false},"excerpt":{"rendered":"<p>Nuevo directo visita Chalet con Jard\u00edn en calle La Razuela Nanclares Hemos ha realizado una nueva emisi\u00f3n en directo a trav\u00e9s del canal de TV de PisosVitoria la inmobiliaria de Fern\u00e1ndez de Nograro del Chalet con Jard\u00edn en calle La Razuela en Nanclares (\u00c1lava). Se trata de una casa adosada de 3 dormitorios con jard\u00edn &hellip; <\/p>\n<p class=\"link-more\"><a href=\"https:\/\/pisosvitoria.com\/blog\/nuevo-directo-visita-chalet-con-jardin-en-calle-la-razuela-nanclares\/\" class=\"more-link\">Continuar leyendo<span class=\"screen-reader-text\"> \u00abNuevo directo visita Chalet con Jard\u00edn en calle La Razuela Nanclares\u00bb<\/span><\/a><\/p>\n","protected":false},"author":3,"featured_media":829,"comment_status":"closed","ping_status":"closed","sticky":false,"template":"","format":"standard","meta":{"_monsterinsights_skip_tracking":false,"_monsterinsights_sitenote_active":false,"_monsterinsights_sitenote_note":"","_monsterinsights_sitenote_category":0,"footnotes":""},"categories":[28],"tags":[],"class_list":["post-828","post","type-post","status-publish","format-standard","has-post-thumbnail","hentry","category-comprar"],"_links":{"self":[{"href":"https:\/\/pisosvitoria.com\/blog\/wp-json\/wp\/v2\/posts\/828","targetHints":{"allow":["GET"]}}],"collection":[{"href":"https:\/\/pisosvitoria.com\/blog\/wp-json\/wp\/v2\/posts"}],"about":[{"href":"https:\/\/pisosvitoria.com\/blog\/wp-json\/wp\/v2\/types\/post"}],"author":[{"embeddable":true,"href":"https:\/\/pisosvitoria.com\/blog\/wp-json\/wp\/v2\/users\/3"}],"replies":[{"embeddable":true,"href":"https:\/\/pisosvitoria.com\/blog\/wp-json\/wp\/v2\/comments?post=828"}],"version-history":[{"count":1,"href":"https:\/\/pisosvitoria.com\/blog\/wp-json\/wp\/v2\/posts\/828\/revisions"}],"predecessor-version":[{"id":830,"href":"https:\/\/pisosvitoria.com\/blog\/wp-json\/wp\/v2\/posts\/828\/revisions\/830"}],"wp:featuredmedia":[{"embeddable":true,"href":"https:\/\/pisosvitoria.com\/blog\/wp-json\/wp\/v2\/media\/829"}],"wp:attachment":[{"href":"https:\/\/pisosvitoria.com\/blog\/wp-json\/wp\/v2\/media?parent=828"}],"wp:term":[{"taxonomy":"category","embeddable":true,"href":"https:\/\/pisosvitoria.com\/blog\/wp-json\/wp\/v2\/categories?post=828"},{"taxonomy":"post_tag","embeddable":true,"href":"https:\/\/pisosvitoria.com\/blog\/wp-json\/wp\/v2\/tags?post=828"}],"curies":[{"name":"wp","href":"https:\/\/api.w.org\/{rel}","templated":true}]}}