{"id":877,"date":"2024-12-05T17:36:56","date_gmt":"2024-12-05T16:36:56","guid":{"rendered":"http:\/\/pisosvitoria.com\/blog\/?p=877"},"modified":"2024-12-05T17:36:58","modified_gmt":"2024-12-05T16:36:58","slug":"entrevista-en-cadena-ser-sobre-vivienda-y-plan-general-de-vitoria","status":"publish","type":"post","link":"https:\/\/pisosvitoria.com\/blog\/entrevista-en-cadena-ser-sobre-vivienda-y-plan-general-de-vitoria\/","title":{"rendered":"Entrevista en Cadena Ser sobre Vivienda y Plan General de Vitoria"},"content":{"rendered":"\n<p>La Cadena Ser en Vitoria ha realizado una entrevista a Carlos Fern\u00e1ndez de Nograro como vicepresidente de SEA \u2013 UNECA y Consejero Delegado de Construcciones Fern\u00e1ndez de Nograro e Inmobiliaria PisosVitoria. <\/p>\n\n\n\n<!--more-->\n\n\n\n<p>En la entrevista se abordan problemas como las posibles desclasificaciones de sectores previstas en el futuro Plan General de Vitoria donde se transmite la voluntad de llegar a acuerdos.<\/p>\n\n\n\n<p>Tambi\u00e9n se tratan temas de Vivienda como la posible declaraci\u00f3n de zona tensionada en los alquileres.  <\/p>\n\n\n\n<p>Se comenta en esta caso la necesidad de aumentar la oferta de viviendas como la clave para reducir los precios de alquiler y que se deber\u00eda abordar dar la posibilidad de habilitar los locales comerciales en plantas bajas de edificios para convertirlos en viviendas, una soluci\u00f3n que podr\u00eda ser implementada en un plazo m\u00e1ximo de seis meses y ayudar\u00eda a que mas gente pueda encontrar vivienda.<\/p>\n\n\n\n<p>Puedes escuchar la entrevista completa en:<\/p>\n\n\n\n<p><a href=\"https:\/\/cadenaser.com\/euskadi\/2024\/12\/03\/la-patronal-de-la-construccion-renuncia-a-los-tribunales-y-apuesta-por-el-dialogo-con-el-ayuntamiento-de-vitoria-sobre-el-futuro-de-los-sectores-17-y-18-ser-vitoria\/?outputType=amp\">https:\/\/cadenaser.com\/euskadi\/2024\/12\/03\/la-patronal-de-la-construccion-renuncia-a-los-tribunales-y-apuesta-por-el-dialogo-con-el-ayuntamiento-de-vitoria-sobre-el-futuro-de-los-sectores-17-y-18-ser-vitoria\/?outputType=amp<\/a><\/p>\n","protected":false},"excerpt":{"rendered":"<p>La Cadena Ser en Vitoria ha realizado una entrevista a Carlos Fern\u00e1ndez de Nograro como vicepresidente de SEA \u2013 UNECA y Consejero Delegado de Construcciones Fern\u00e1ndez de Nograro e Inmobiliaria PisosVitoria.<\/p>\n","protected":false},"author":3,"featured_media":255,"comment_status":"closed","ping_status":"closed","sticky":false,"template":"","format":"standard","meta":{"_monsterinsights_skip_tracking":false,"_monsterinsights_sitenote_active":false,"_monsterinsights_sitenote_note":"","_monsterinsights_sitenote_category":0,"footnotes":""},"categories":[13,28,68,4],"tags":[],"class_list":["post-877","post","type-post","status-publish","format-standard","has-post-thumbnail","hentry","category-alquilar","category-comprar","category-obra-nueva","category-vender"],"_links":{"self":[{"href":"https:\/\/pisosvitoria.com\/blog\/wp-json\/wp\/v2\/posts\/877","targetHints":{"allow":["GET"]}}],"collection":[{"href":"https:\/\/pisosvitoria.com\/blog\/wp-json\/wp\/v2\/posts"}],"about":[{"href":"https:\/\/pisosvitoria.com\/blog\/wp-json\/wp\/v2\/types\/post"}],"author":[{"embeddable":true,"href":"https:\/\/pisosvitoria.com\/blog\/wp-json\/wp\/v2\/users\/3"}],"replies":[{"embeddable":true,"href":"https:\/\/pisosvitoria.com\/blog\/wp-json\/wp\/v2\/comments?post=877"}],"version-history":[{"count":1,"href":"https:\/\/pisosvitoria.com\/blog\/wp-json\/wp\/v2\/posts\/877\/revisions"}],"predecessor-version":[{"id":878,"href":"https:\/\/pisosvitoria.com\/blog\/wp-json\/wp\/v2\/posts\/877\/revisions\/878"}],"wp:featuredmedia":[{"embeddable":true,"href":"https:\/\/pisosvitoria.com\/blog\/wp-json\/wp\/v2\/media\/255"}],"wp:attachment":[{"href":"https:\/\/pisosvitoria.com\/blog\/wp-json\/wp\/v2\/media?parent=877"}],"wp:term":[{"taxonomy":"category","embeddable":true,"href":"https:\/\/pisosvitoria.com\/blog\/wp-json\/wp\/v2\/categories?post=877"},{"taxonomy":"post_tag","embeddable":true,"href":"https:\/\/pisosvitoria.com\/blog\/wp-json\/wp\/v2\/tags?post=877"}],"curies":[{"name":"wp","href":"https:\/\/api.w.org\/{rel}","templated":true}]}}