{"id":925,"date":"2025-12-12T09:39:35","date_gmt":"2025-12-12T08:39:35","guid":{"rendered":"https:\/\/pisosvitoria.com\/blog\/?p=925"},"modified":"2025-12-12T17:39:46","modified_gmt":"2025-12-12T16:39:46","slug":"fernandez-de-nograro-70-anos-construyendo-hogares-en-alava-premio-azurmendi","status":"publish","type":"post","link":"https:\/\/pisosvitoria.com\/blog\/fernandez-de-nograro-70-anos-construyendo-hogares-en-alava-premio-azurmendi\/","title":{"rendered":"Fern\u00e1ndez de Nograro 70 a\u00f1os construyendo hogares en \u00c1lava: Premio Azurmendi"},"content":{"rendered":"\n<p>En la XIII edici\u00f3n de los Premios Juan Jos\u00e9 Azurmendi Sariak, organizados por SEA Empresas Alavesas, una de las grandes protagonistas fue <strong>Fern\u00e1ndez de Nograro<\/strong>, la empresa familiar del <em>sector de la construcci\u00f3n<\/em> que acaba de recibir el galard\u00f3n a \u201cEmpresa del A\u00f1o\u201d por su trayectoria, arraigo y resiliencia en el tejido empresarial alav\u00e9s.<\/p>\n\n\n\n<!--more-->\n\n\n\n<p><strong>Un referente del sector en \u00c1lava<\/strong><\/p>\n\n\n\n<p><strong>Fern\u00e1ndez de Nograro<\/strong> no es una empresa cualquiera. Su historia se remonta 70 a\u00f1os atr\u00e1s, cuando se fund\u00f3 con la visi\u00f3n de aportar soluciones s\u00f3lidas en el \u00e1mbito de la construcci\u00f3n. Desde entonces, ha evolucionado y prosperado convirti\u00e9ndose en un referente en \u00c1lava y en todo el entorno vasco.<\/p>\n\n\n\n<p>Lo que destaca de esta firma es su capacidad de adaptarse, innovar y superar obst\u00e1culos, incluso en momentos de crisis en el sector de la construcci\u00f3n \u2014un reto importante en una industria marcada por ciclos econ\u00f3micos complicados. La empresa ha sabido conjugar tradici\u00f3n y visi\u00f3n de futuro, adoptando nuevas pr\u00e1cticas sin perder la esencia familiar que la caracteriza.<\/p>\n\n\n\n<p><strong>Tres generaciones al frente<\/strong><\/p>\n\n\n\n<p><strong>Fern\u00e1ndez de Nograro<\/strong> es un claro ejemplo de c\u00f3mo una <em>empresa familiar<\/em> puede trascender generaciones sin perder su enfoque. A lo largo de siete d\u00e9cadas \u2014liderada por tres generaciones de la misma familia\u2014 ha sabido mantener un rumbo claro: <strong>crear hogares, infraestructuras y espacios que mejoran la vida de las personas<\/strong> y transforman el entorno urbano y rural.<\/p>\n\n\n\n<p>Este elemento generacional no solo habla de longevidad, sino tambi\u00e9n de transmisi\u00f3n de valores: compromiso, calidad en la ejecuci\u00f3n, confiabilidad y una estrecha vinculaci\u00f3n con la comunidad que la rodea. Ese compromiso se hace especialmente patente en un contexto empresarial competitivo y en constante cambio como el actual.<\/p>\n\n\n\n<p><strong>Reconocimiento en los Premios Azurmendi 2025<\/strong><\/p>\n\n\n\n<p>El premio concedido por SEA Empresas Alavesas est\u00e1 pensado para reconocer a aquellas compa\u00f1\u00edas que han marcado la diferencia en su sector y han contribuido de manera significativa al desarrollo econ\u00f3mico y social de \u00c1lava. <strong>Fern\u00e1ndez de Nograro<\/strong> encaja perfectamente en esta definici\u00f3n, ya que su trayectoria ha combinado crecimiento con responsabilidad social y excelencia en la gesti\u00f3n empresarial.<\/p>\n\n\n\n<p>El galard\u00f3n no solo celebra el pasado, sino que tambi\u00e9n inspira el futuro de la empresa. Tras siete d\u00e9cadas de actividad, <strong>Fern\u00e1ndez de Nograro<\/strong> afronta nuevos retos: desde la incorporaci\u00f3n de tecnolog\u00edas constructivas m\u00e1s sostenibles hasta la mejora continua de sus procesos para responder a las demandas de un mercado en transformaci\u00f3n as\u00ed como la <strong>venta de vivienda de segunda mano con su Inmobiliaria PisosVitoria.com.<\/strong><\/p>\n\n\n\n<p><strong>Conclusi\u00f3n: un modelo de empresa duradera<\/strong><\/p>\n\n\n\n<p><strong>Fern\u00e1ndez de Nograro<\/strong> representa mucho m\u00e1s que una compa\u00f1\u00eda de construcci\u00f3n: es un s\u00edmbolo de resiliencia, evoluci\u00f3n y compromiso con su tierra. Su reconocimiento como Empresa del A\u00f1o en los Premios Azurmendi 2025 no solo honra su pasado, sino que proyecta su papel como<strong> actor clave en el futuro industrial y constructivo de \u00c1lava.<\/strong><\/p>\n\n\n\n<p>Este premio es, sin duda, un merecido reconocimiento a <strong>70 a\u00f1os construyendo no solo edificios, sino tambi\u00e9n confianza y legado empresarial en la comunidad alavesa.<\/strong><\/p>\n\n\n\n<figure class=\"wp-block-embed is-type-video is-provider-youtube wp-block-embed-youtube wp-embed-aspect-16-9 wp-has-aspect-ratio\"><div class=\"wp-block-embed__wrapper\">\n<iframe loading=\"lazy\" title=\"Premios Azurmendi Sariak 2025\" width=\"525\" height=\"295\" src=\"https:\/\/www.youtube.com\/embed\/flCiq9DWY30?feature=oembed\" frameborder=\"0\" allow=\"accelerometer; autoplay; clipboard-write; encrypted-media; gyroscope; picture-in-picture; web-share\" referrerpolicy=\"strict-origin-when-cross-origin\" allowfullscreen><\/iframe>\n<\/div><\/figure>\n\n\n\n<p><a href=\"https:\/\/www.elcorreo.com\/alava\/araba\/premia-jose-luis-bengoechea-cierre-jolben-julio-20251211205350-nt.html\">https:\/\/www.elcorreo.com\/alava\/araba\/premia-jose-luis-bengoechea-cierre-jolben-julio-20251211205350-nt.html<\/a><\/p>\n\n\n\n<p><a href=\"https:\/\/www.estrategia.net\/noticias\/jose-luis-bengochea-de-jolben-y-julio-sampedro-de-forza-herramientas-premios-azurmendi-2025\">https:\/\/www.estrategia.net\/noticias\/jose-luis-bengochea-de-jolben-y-julio-sampedro-de-forza-herramientas-premios-azurmendi-2025<\/a><\/p>\n\n\n\n<p><a href=\"https:\/\/www.noticiasdealava.eus\/alava\/2025\/12\/11\/jose-luis-bengochea-jolben-premios-azurmendi-2025-forza-herramientas-julio-sampedro-10461158.html\">https:\/\/www.noticiasdealava.eus\/alava\/2025\/12\/11\/jose-luis-bengochea-jolben-premios-azurmendi-2025-forza-herramientas-julio-sampedro-10461158.html<\/a><\/p>\n\n\n\n<p><\/p>\n","protected":false},"excerpt":{"rendered":"<p>En la XIII edici\u00f3n de los Premios Juan Jos\u00e9 Azurmendi Sariak, organizados por SEA Empresas Alavesas, una de las grandes protagonistas fue Fern\u00e1ndez de Nograro, la empresa familiar del sector de la construcci\u00f3n que acaba de recibir el galard\u00f3n a \u201cEmpresa del A\u00f1o\u201d por su trayectoria, arraigo y resiliencia en el tejido empresarial alav\u00e9s.<\/p>\n","protected":false},"author":3,"featured_media":926,"comment_status":"closed","ping_status":"closed","sticky":false,"template":"","format":"standard","meta":{"_monsterinsights_skip_tracking":false,"_monsterinsights_sitenote_active":false,"_monsterinsights_sitenote_note":"","_monsterinsights_sitenote_category":0,"footnotes":""},"categories":[13,28,68,4],"tags":[],"class_list":["post-925","post","type-post","status-publish","format-standard","has-post-thumbnail","hentry","category-alquilar","category-comprar","category-obra-nueva","category-vender"],"_links":{"self":[{"href":"https:\/\/pisosvitoria.com\/blog\/wp-json\/wp\/v2\/posts\/925","targetHints":{"allow":["GET"]}}],"collection":[{"href":"https:\/\/pisosvitoria.com\/blog\/wp-json\/wp\/v2\/posts"}],"about":[{"href":"https:\/\/pisosvitoria.com\/blog\/wp-json\/wp\/v2\/types\/post"}],"author":[{"embeddable":true,"href":"https:\/\/pisosvitoria.com\/blog\/wp-json\/wp\/v2\/users\/3"}],"replies":[{"embeddable":true,"href":"https:\/\/pisosvitoria.com\/blog\/wp-json\/wp\/v2\/comments?post=925"}],"version-history":[{"count":3,"href":"https:\/\/pisosvitoria.com\/blog\/wp-json\/wp\/v2\/posts\/925\/revisions"}],"predecessor-version":[{"id":929,"href":"https:\/\/pisosvitoria.com\/blog\/wp-json\/wp\/v2\/posts\/925\/revisions\/929"}],"wp:featuredmedia":[{"embeddable":true,"href":"https:\/\/pisosvitoria.com\/blog\/wp-json\/wp\/v2\/media\/926"}],"wp:attachment":[{"href":"https:\/\/pisosvitoria.com\/blog\/wp-json\/wp\/v2\/media?parent=925"}],"wp:term":[{"taxonomy":"category","embeddable":true,"href":"https:\/\/pisosvitoria.com\/blog\/wp-json\/wp\/v2\/categories?post=925"},{"taxonomy":"post_tag","embeddable":true,"href":"https:\/\/pisosvitoria.com\/blog\/wp-json\/wp\/v2\/tags?post=925"}],"curies":[{"name":"wp","href":"https:\/\/api.w.org\/{rel}","templated":true}]}}