{"id":943,"date":"2026-04-21T14:10:26","date_gmt":"2026-04-21T13:10:26","guid":{"rendered":"https:\/\/pisosvitoria.com\/blog\/?p=943"},"modified":"2026-04-21T14:12:16","modified_gmt":"2026-04-21T13:12:16","slug":"zona-tensionada-en-vitoria-como-afectan-las-tablas-de-precios-maximos-de-renta-a-tu-alquiler-y-que-debes-saber-antes-de-decidir","status":"publish","type":"post","link":"https:\/\/pisosvitoria.com\/blog\/zona-tensionada-en-vitoria-como-afectan-las-tablas-de-precios-maximos-de-renta-a-tu-alquiler-y-que-debes-saber-antes-de-decidir\/","title":{"rendered":"Zona Tensionada en Vitoria: \u00bfC\u00f3mo afectan las tablas de precios m\u00e1ximos de renta a tu alquiler y qu\u00e9 debes saber antes de decidir?"},"content":{"rendered":"\n<p>Desde que Vitoria-Gasteiz fue declarada zona de mercado residencial tensionado, la entrada en vigor de las tablas de precios m\u00e1ximos de renta ha generado muchas dudas entre los propietarios que quieren alquilar su vivienda. \u00bfSe puede seguir alquilando con rentabilidad? \u00bfCambia todo para los nuevos contratos? \u00bfQu\u00e9 pasa con los pisos que ya estaban alquilados? Son preguntas habituales en estos d\u00edas.<br>Diferencia clave seg\u00fan los \u00faltimos 5 a\u00f1os de alquiler<br>La normativa establece una distinci\u00f3n importante:<\/p>\n\n\n\n<!--more-->\n\n\n\n<ul class=\"wp-block-list\">\n<li>Inmuebles que han estado alquilados en los \u00faltimos 5 a\u00f1os: el precio m\u00e1ximo de renta se calcula a partir del \u00faltimo contrato actualizado (normalmente con el IPC). En la mayor\u00eda de los casos, esto permite mantener una renta m\u00e1s cercana a la de mercado actual y, por tanto, conservar mejor la rentabilidad.<\/li>\n\n\n\n<li>Inmuebles que se alquilan por primera vez o que llevan m\u00e1s de 5 a\u00f1os sin arrendar: aqu\u00ed se aplica directamente el precio m\u00e1ximo que marca la tabla oficial de la zona tensionada.<\/li>\n<\/ul>\n\n\n\n<p>Esta diferencia es crucial porque no todos los pisos se ven afectados de la misma manera.<br>La tabla de precios m\u00e1ximos no es la \u00fanica variable que determina la rentabilidad real. Existen numerosos detalles que pueden subir o bajar el beneficio neto del propietario:<\/p>\n\n\n\n<ul class=\"wp-block-list\">\n<li>Posibilidad de que el inquilino asuma el pago de la comunidad de propietarios.<\/li>\n\n\n\n<li>Qui\u00e9n paga el IBI (Impuesto sobre Bienes Inmuebles).<\/li>\n\n\n\n<li>Gastos de seguros, mantenimiento, reparaciones o certificados energ\u00e9ticos.<\/li>\n\n\n\n<li>Actualizaciones anuales permitidas y c\u00f3mo se calculan.<\/li>\n\n\n\n<li>Excepciones por obras de mejora, amueblamiento o caracter\u00edsticas espec\u00edficas del inmueble.<\/li>\n<\/ul>\n\n\n\n<p>Cualquiera de estos puntos puede suponer cientos de euros al a\u00f1o de diferencia. Por eso, la soluci\u00f3n m\u00e1s segura: <strong>asesoramiento profesional<\/strong>.<\/p>\n\n\n\n<p><br>Si est\u00e1s pensando en <em>alquilar (o renovar un contrato) en Vitoria<\/em> y no quieres perder rentabilidad ni asumir riesgos innecesarios, la mejor opci\u00f3n es contar con expertos que conozcan al detalle la normativa de zona tensionada y la apliquen caso por caso.<\/p>\n\n\n\n<p><br>En <strong>PisosVitoria, la inmobiliaria de Fern\u00e1ndez de Nograro<\/strong>, llevamos a\u00f1os ayudando a propietarios de Vitoria a alquilar con total seguridad. Analizamos tu vivienda concreta, revisamos si aplica el r\u00e9gimen de los \u00faltimos 5 a\u00f1os, calculamos el precio m\u00e1ximo real teniendo en cuenta todos los matices (comunidad, IBI, gastos deducibles, etc.) y te preparamos un contrato ya que contamos con abogado propio.<\/p>\n\n\n\n<p><br>Nuestra oficina est\u00e1 en <strong>Calle Prado 6, justo al lado de la Virgen Blanca<\/strong>, en pleno centro de Vitoria. Puedes acercarte sin compromiso, llamarnos o escribirnos y te daremos una valoraci\u00f3n gratuita y personalizada.<\/p>\n\n\n\n<p><br><strong>No dejes que la incertidumbre de la zona tensionada te haga perder dinero o te quite el sue\u00f1o. Alquila con cabeza, con rentabilidad y con la tranquilidad de estar haciendo las cosas bien.<\/strong><\/p>\n\n\n\n<p><strong>PisosVitoria \u2013 Fern\u00e1ndez de Nograro<br>Calle Prado 6 (junto a la Virgen Blanca)<br>Vitoria-Gasteiz<\/strong><\/p>\n\n\n\n<p><a href=\"https:\/\/pisosvitoria.com\/content\/17-alquilar\">https:\/\/pisosvitoria.com\/content\/17-alquilar<\/a><\/p>\n","protected":false},"excerpt":{"rendered":"<p>Desde que Vitoria-Gasteiz fue declarada zona de mercado residencial tensionado, la entrada en vigor de las tablas de precios m\u00e1ximos de renta ha generado muchas dudas entre los propietarios que quieren alquilar su vivienda. \u00bfSe puede seguir alquilando con rentabilidad? \u00bfCambia todo para los nuevos contratos? \u00bfQu\u00e9 pasa con los pisos que ya estaban alquilados? &hellip; <\/p>\n<p class=\"link-more\"><a href=\"https:\/\/pisosvitoria.com\/blog\/zona-tensionada-en-vitoria-como-afectan-las-tablas-de-precios-maximos-de-renta-a-tu-alquiler-y-que-debes-saber-antes-de-decidir\/\" class=\"more-link\">Continuar leyendo<span class=\"screen-reader-text\"> \u00abZona Tensionada en Vitoria: \u00bfC\u00f3mo afectan las tablas de precios m\u00e1ximos de renta a tu alquiler y qu\u00e9 debes saber antes de decidir?\u00bb<\/span><\/a><\/p>\n","protected":false},"author":3,"featured_media":147,"comment_status":"closed","ping_status":"closed","sticky":false,"template":"","format":"standard","meta":{"_monsterinsights_skip_tracking":false,"_monsterinsights_sitenote_active":false,"_monsterinsights_sitenote_note":"","_monsterinsights_sitenote_category":0,"footnotes":""},"categories":[13],"tags":[14,15,73,74,93,92],"class_list":["post-943","post","type-post","status-publish","format-standard","has-post-thumbnail","hentry","category-alquilar","tag-alquilar-piso-vitoria","tag-alquilar-vivienda-vitoria","tag-alquilar-vpo","tag-alquilar-vpo-vitoria","tag-renovar-contrato-de-alquiler","tag-zona-tensionada"],"_links":{"self":[{"href":"https:\/\/pisosvitoria.com\/blog\/wp-json\/wp\/v2\/posts\/943","targetHints":{"allow":["GET"]}}],"collection":[{"href":"https:\/\/pisosvitoria.com\/blog\/wp-json\/wp\/v2\/posts"}],"about":[{"href":"https:\/\/pisosvitoria.com\/blog\/wp-json\/wp\/v2\/types\/post"}],"author":[{"embeddable":true,"href":"https:\/\/pisosvitoria.com\/blog\/wp-json\/wp\/v2\/users\/3"}],"replies":[{"embeddable":true,"href":"https:\/\/pisosvitoria.com\/blog\/wp-json\/wp\/v2\/comments?post=943"}],"version-history":[{"count":2,"href":"https:\/\/pisosvitoria.com\/blog\/wp-json\/wp\/v2\/posts\/943\/revisions"}],"predecessor-version":[{"id":945,"href":"https:\/\/pisosvitoria.com\/blog\/wp-json\/wp\/v2\/posts\/943\/revisions\/945"}],"wp:featuredmedia":[{"embeddable":true,"href":"https:\/\/pisosvitoria.com\/blog\/wp-json\/wp\/v2\/media\/147"}],"wp:attachment":[{"href":"https:\/\/pisosvitoria.com\/blog\/wp-json\/wp\/v2\/media?parent=943"}],"wp:term":[{"taxonomy":"category","embeddable":true,"href":"https:\/\/pisosvitoria.com\/blog\/wp-json\/wp\/v2\/categories?post=943"},{"taxonomy":"post_tag","embeddable":true,"href":"https:\/\/pisosvitoria.com\/blog\/wp-json\/wp\/v2\/tags?post=943"}],"curies":[{"name":"wp","href":"https:\/\/api.w.org\/{rel}","templated":true}]}}